{"id":26661,"date":"2025-04-15T13:52:10","date_gmt":"2025-04-15T13:52:10","guid":{"rendered":"https:\/\/www.europesays.com\/fr\/26661\/"},"modified":"2025-04-15T13:52:10","modified_gmt":"2025-04-15T13:52:10","slug":"des-abris-installes-pour-les-chauve-souris","status":"publish","type":"post","link":"https:\/\/www.europesays.com\/fr\/26661\/","title":{"rendered":"des abris install\u00e9s pour les chauve-souris"},"content":{"rendered":"<p>La commune de La Wantzenau s\u2019est engag\u00e9e avec la Soci\u00e9t\u00e9 pour la r\u00e9introduction et la protection des oiseaux (SRPO) dans une action doublement utile \u00a0: sensibiliser les habitants \u00e0 la protection des chauves-souris et agir concr\u00e8tement pour leur pr\u00e9servation, \u00e0 l\u2019occasion de deux matin\u00e9es p\u00e9dagogiques les 27\u00a0mars et 4\u00a0avril.<\/p>\n<p>  Un alli\u00e9 dans la lutte contre les moustiques<\/p>\n<p>Lors de la premi\u00e8re matin\u00e9e, une vingtaine d\u2019abris \u00e0 chauves-souris ont \u00e9t\u00e9 install\u00e9s dans divers quartiers (Woerthel, c\u0153ur de village et Golf), avec l\u2019aide du pr\u00e9sident de la SRPO Daniel Zinck, de Jean-Marie Heit et en pr\u00e9sence de la maire Mich\u00e8le Kannengieser.<\/p>\n<p>Ces nichoirs visent \u00e0 offrir un refuge \u00e0 ces petits mammif\u00e8res, tout en luttant naturellement <a href=\"https:\/\/www.dna.fr\/environnement\/2025\/04\/07\/on-doit-s-acharner-l-eurometropole-reitere-ses-actions-de-lutte-contre-le-moustique-tigre\" target=\"_blank\" rel=\"nofollow noopener\">contre les moustiques<\/a>. Une seule chauve-souris peut en consommer jusqu\u2019\u00e0 3 000 en une nuit.\u00a0Ce qui n\u2019est pas n\u00e9gligeable pour la commune, entour\u00e9e d\u2019eau avec l\u2019Ill, le Rhin, et avec les remont\u00e9es de nappe qui forment des zones mar\u00e9cageuses.<\/p>\n<p>  Des mammif\u00e8res m\u00e9connus, redout\u00e9s \u00e0 tort<\/p>\n<p>Pour la deuxi\u00e8me matin\u00e9e, place \u00e0 la p\u00e9dagogie. Quatre classes de l\u2019\u00e9cole \u00e9l\u00e9mentaire Jules-Verne ont particip\u00e9 \u00e0 une animation pour mieux comprendre le r\u00f4le des chauves-souris dans notre \u00e9cosyst\u00e8me.<\/p>\n<p>Les \u00e9l\u00e8ves ont d\u00e9couvert que ces animaux, souvent redout\u00e9s \u00e0 tort, sont non seulement inoffensifs, mais aussi essentiels \u00e0 la pollinisation de certaines plantes.<\/p>\n<p>Tous les enfants repartent avec un fascicule permettant de construire, avec l\u2019aide de leurs parents, leur propre abri \u00e0 chauve-souris durant les vacances scolaires.<\/p>\n<p>\u00c0 travers ces initiatives, La Wantzenau affirme son attachement \u00e0 la biodiversit\u00e9 locale et \u00e0 l\u2019\u00e9ducation \u00e0 l\u2019environnement. Une mani\u00e8re aussi ludique qu\u2019utile de r\u00e9habiliter nos alli\u00e9es de la nuit.<\/p>\n","protected":false},"excerpt":{"rendered":"La commune de La Wantzenau s\u2019est engag\u00e9e avec la Soci\u00e9t\u00e9 pour la r\u00e9introduction et la protection des oiseaux&hellip;\n","protected":false},"author":2,"featured_media":26662,"comment_status":"","ping_status":"","sticky":false,"template":"","format":"standard","meta":{"footnotes":""},"categories":[2820],"tags":[1111,11,1867,2880,436,1777,674,107,1011,27,775,9440,12,25,104,640,3265],"class_list":{"0":"post-26661","1":"post","2":"type-post","3":"status-publish","4":"format-standard","5":"has-post-thumbnail","7":"category-strasbourg","8":"tag-actu","9":"tag-actualites","10":"tag-animaux","11":"tag-edition-strasbourg","12":"tag-environnement","13":"tag-eu","14":"tag-europe","15":"tag-fil-info","16":"tag-fr","17":"tag-france","18":"tag-grand-est","19":"tag-la-wantzenau","20":"tag-news","21":"tag-republique-francaise","22":"tag-societe","23":"tag-strasbourg","24":"tag-strasbourg-nord"},"share_on_mastodon":{"url":"https:\/\/pubeurope.com\/@fr\/114342313576954592","error":""},"_links":{"self":[{"href":"https:\/\/www.europesays.com\/fr\/wp-json\/wp\/v2\/posts\/26661","targetHints":{"allow":["GET"]}}],"collection":[{"href":"https:\/\/www.europesays.com\/fr\/wp-json\/wp\/v2\/posts"}],"about":[{"href":"https:\/\/www.europesays.com\/fr\/wp-json\/wp\/v2\/types\/post"}],"author":[{"embeddable":true,"href":"https:\/\/www.europesays.com\/fr\/wp-json\/wp\/v2\/users\/2"}],"replies":[{"embeddable":true,"href":"https:\/\/www.europesays.com\/fr\/wp-json\/wp\/v2\/comments?post=26661"}],"version-history":[{"count":0,"href":"https:\/\/www.europesays.com\/fr\/wp-json\/wp\/v2\/posts\/26661\/revisions"}],"wp:featuredmedia":[{"embeddable":true,"href":"https:\/\/www.europesays.com\/fr\/wp-json\/wp\/v2\/media\/26662"}],"wp:attachment":[{"href":"https:\/\/www.europesays.com\/fr\/wp-json\/wp\/v2\/media?parent=26661"}],"wp:term":[{"taxonomy":"category","embeddable":true,"href":"https:\/\/www.europesays.com\/fr\/wp-json\/wp\/v2\/categories?post=26661"},{"taxonomy":"post_tag","embeddable":true,"href":"https:\/\/www.europesays.com\/fr\/wp-json\/wp\/v2\/tags?post=26661"}],"curies":[{"name":"wp","href":"https:\/\/api.w.org\/{rel}","templated":true}]}}