{"id":266615,"date":"2025-07-22T22:14:12","date_gmt":"2025-07-22T22:14:12","guid":{"rendered":"https:\/\/www.europesays.com\/fr\/266615\/"},"modified":"2025-07-22T22:14:12","modified_gmt":"2025-07-22T22:14:12","slug":"en-hommage-a-gio-ponti-un-appartement-rationaliste-avec-vue","status":"publish","type":"post","link":"https:\/\/www.europesays.com\/fr\/266615\/","title":{"rendered":"En hommage \u00e0 Gio Ponti, un appartement rationaliste avec vue"},"content":{"rendered":"<p>Tout est parti d&rsquo;une rencontre fortuite. \u00ab Nous avons trouv\u00e9 dans l&rsquo;entrep\u00f4t d&rsquo;un antiquaire une biblioth\u00e8que de <a href=\"https:\/\/www.admagazine.fr\/article\/un-appartement-entre-haussmann-et-gio-ponti-a-montmartre\" target=\"_blank\" rel=\"noopener\">Gio Ponti<\/a> de six m\u00e8tres de long : imposante, habit\u00e9e et presque cach\u00e9e. C&rsquo;est de cette pi\u00e8ce, apr\u00e8s une restauration minutieuse, que nous avons tir\u00e9 l&rsquo;inspiration du projet et la palette de mat\u00e9riaux et de couleurs qui a guid\u00e9 nos choix \u00bb, explique l&rsquo;architecte d&rsquo;int\u00e9rieur Alberto Tonni, qui a supervis\u00e9 la r\u00e9novation d&rsquo;un appartement \u00e0 Brescia (en Italie du Nord) pour deux amis tr\u00e8s chers.<\/p>\n<p>Les propri\u00e9taires sont Giovanni Iacopetta, un chirurgien plasticien r\u00e9put\u00e9, et Fernando Herrera, un ancien directeur d&rsquo;une prestigieuse marque de mode qui travaille aujourd&rsquo;hui dans l&rsquo;immobilier, tous deux partageant une profonde passion pour le design et l&rsquo;art. Fascin\u00e9s par la <a href=\"https:\/\/www.admagazine.fr\/article\/petit-espace-pied-a-terre-vue-toits-paris\" target=\"_blank\" rel=\"noopener\">vue sur les toits<\/a> historiques du c\u0153ur de Brescia, ils d\u00e9cident en 2023 de r\u00e9nover un penthouse de 300 m\u00e8tres carr\u00e9s au sixi\u00e8me \u00e9tage, donnant sur la rue principale du centre historique, juste en face du Teatro Grande.<\/p>\n<p>L&rsquo;entr\u00e9e se distingue par son relatif daim rose et son plafond en bois r\u00e9cup\u00e9r\u00e9 avec une grande bulle qui illumine l&rsquo;espace. Sur les murs se trouvent des appliques murales en laiton et des tables consoles, toutes deux con\u00e7ues par Alberto Tonni, une \u0153uvre cubiste des ann\u00e9es 1930 d&rsquo;un auteur inconnu.<\/p>\n<p>Beppe Brancato. Styling Giulia Taglialatela.<\/p>\n<p>Le salon offre une belle vue panoramique sur la ville de Brescia. Sur la table basse con\u00e7ue par Alberto Tonni, un vase Venini bleu clair est au premier plan.<\/p>\n<p>Beppe Brancato. Styling Giulia Taglialatela.<\/p>\n<p>\u00ab En accord avec l&rsquo;esth\u00e9tique rationaliste du b\u00e2timent, nous avons choisi de rappeler les ann\u00e9es 1960 et 1970, p\u00e9riode faste de Ponti, en r\u00e9interpr\u00e9tant ses codes dans une tonalit\u00e9 contemporaine \u00bb, expliquent les propri\u00e9taires. D&rsquo;o\u00f9 l&rsquo;id\u00e9e de reprendre le design de la Villa Planchart \u00e0 Caracas dans les sols de l&rsquo;espace de vie : de larges bandes de Calacatta Oro et de Pietra Grey qui se poursuivent en diagonale jusqu&rsquo;au <a href=\"https:\/\/www.admagazine.fr\/article\/amenagement-balcon-idees-architectes-interieur\" target=\"_blank\" rel=\"noopener\">balcon<\/a>, guidant le regard vers les principaux monuments de la ville, \u00e9voquant la beaut\u00e9 de l&rsquo;architecture historique.<\/p>\n<p>Une r\u00e9novation c\u00e9l\u00e9brant le panorama<\/p>\n<p>Le grand salon communique avec la cuisine par une porte en verre. Dans le salon, le canap\u00e9 Camaleonda de B&amp;B Italia.<\/p>\n<p>Beppe Brancato. Styling Giulia Taglialatela.<\/p>\n<p>\u00c0 l&rsquo;origine, l&rsquo;appartement se pr\u00e9sentait comme un labyrinthe de pi\u00e8ces sans logique de distribution. Il \u00e9tait clair d\u00e8s le d\u00e9part qu&rsquo;une r\u00e9novation compl\u00e8te serait n\u00e9cessaire. \u00ab Le principal d\u00e9fi consistait \u00e0 unifier trois unit\u00e9s distinctes en une r\u00e9sidence lumineuse, caract\u00e9ris\u00e9e par de grands espaces fluides, dont les int\u00e9rieurs ont \u00e9t\u00e9 habilement redistribu\u00e9s gr\u00e2ce \u00e0 la conception des architectes Paola Motta et Luca Zaniol, qui ont mis en valeur le panorama de la ville par de grandes fen\u00eatres \u00bb, poursuit M. Tonni.<\/p>\n<p>Le salon est caract\u00e9ris\u00e9 par un sol en marbre qui \u00e9voque le dessin des larges bandes de la Villa Planchart \u00e0 Caracas, con\u00e7ue par Gio Ponti. Le canap\u00e9 Camaleonda de B&amp;B Italia domine le centre du salon.<\/p>\n<p>Beppe Brancato. Styling Giulia Taglialatela.<\/p>\n<p>L&rsquo;entr\u00e9e a des murs en daim rose et un plafond en bois r\u00e9cup\u00e9r\u00e9, un sol en marbre avec des scacci, une console et une applique murale d&rsquo;Alberto Tonni, une \u0153uvre d&rsquo;art cubiste des ann\u00e9es 1930 d&rsquo;un artiste inconnu et un tabouret de Gio Ponti.<\/p>\n<p>Beppe Brancato. Styling Giulia Taglialatela.<\/p>\n<p>Le c\u0153ur de la maison est le salon qui nous accueille avec une vue sc\u00e9nographi\u00e9e pour \u00e9voquer l&rsquo;\u00e9l\u00e9gance des <a href=\"https:\/\/www.admagazine.fr\/article\/salon-1970-tendance-2025\" target=\"_blank\" rel=\"noopener\">ann\u00e9es 1970<\/a>, revisit\u00e9e cependant avec rigueur formelle et sobri\u00e9t\u00e9. Ici, le canap\u00e9 Camaleonda de B&amp;B Italia, en velours couleur chameau, dialogue avec des pi\u00e8ces de design telles que la lampe Atollo d&rsquo;Oluce, le vase Venini et un tapis ancien. D&rsquo;autres \u00e9l\u00e9ments sur mesure enrichissent la pi\u00e8ce, comme le meuble de rangement pour la t\u00e9l\u00e9vision, dont l&rsquo;\u00e9cran est \u00e9l\u00e9gamment dissimul\u00e9 par des portes coulissantes en miroir antique encadr\u00e9es par des boiseries et des d\u00e9tails en laiton. L&rsquo;espace est flanqu\u00e9 d&rsquo;une cuisine semi-cach\u00e9e par d&rsquo;\u00e9l\u00e9gantes portes coulissantes en verre semi-transparent, offrant intimit\u00e9 et fonctionnalit\u00e9 en cas de besoin. Dans la <a href=\"https:\/\/www.admagazine.fr\/article\/salles-a-manger-decorateurs-donnent-ton\" target=\"_blank\" rel=\"noopener\">salle \u00e0 manger<\/a>, une imposante table asym\u00e9trique est compl\u00e9t\u00e9e par les embl\u00e9matiques chaises Superleggera de Gio Ponti pour Cassina.<\/p>\n<p>D\u00e9tails soign\u00e9s et mat\u00e9riaux nobles<\/p>\n<p>La cuisine offre une belle vue panoramique sur le centre historique de la ville.<\/p>\n<p>Beppe Brancato. Styling Giulia Taglialatela.<\/p>\n<p>La salle de bains au design sophistiqu\u00e9 comprend deux lavabos, un sol en marbre vert d&rsquo;Alpi et deux miroirs suspendus en laiton.<\/p>\n<p>Beppe Brancato. Styling Giulia Taglialatela.<\/p>\n<p>L&rsquo;entr\u00e9e est con\u00e7ue comme un espace immersif, envelopp\u00e9 par des murs en daim rose et un plafond en bois surprenant par sa douce \u00e9l\u00e9gance. Elle m\u00e8ne ensuite \u00e0 la salle de bains d&rsquo;invit\u00e9s, o\u00f9 le motif ray\u00e9 est repropos\u00e9 \u00e0 plus petite \u00e9chelle, rehauss\u00e9 par l&rsquo;iconique lavabo dessin\u00e9 par Gio Ponti pour Ideal Standard. \u00ab Les mat\u00e9riaux choisis se poursuivent harmonieusement dans toutes les pi\u00e8ces : le marbre Verde Alpi recouvre le plan de travail de la cuisine et la table de tous les jours, compl\u00e9t\u00e9e par les chaises de Carlo Ratti. Le m\u00eame <a href=\"https:\/\/www.admagazine.fr\/article\/marbre-vedette-interieurs-2023\" target=\"_blank\" rel=\"noopener\">marbre<\/a> Verde Alpi, associ\u00e9 au Calacatta Oro en finition cannel\u00e9e, revient dans la salle de bains principale. Ici, un meuble lavabo, inspir\u00e9 d&rsquo;un bureau Ponti, domine l&rsquo;espace, accompagn\u00e9 de deux miroirs suspendus en laiton et parchemin et de trois appliques murales Venini \u00bb, expliquent les propri\u00e9taires.<\/p>\n<p>Entre la salle de bains et la chambre principale se trouve le dressing sur mesure, orn\u00e9 d&rsquo;un lustre Orion sculptural de Max Sauze. Les chambres poursuivent le m\u00eame th\u00e8me : daim nude pour la suite principale, bordeaux pour la chambre d&rsquo;amis, dont la salle de bains est enti\u00e8rement rev\u00eatue de Rosso Levanto. \u00ab Nous voulions cr\u00e9er une suite parentale spacieuse et confortable, dot\u00e9e d&rsquo;un dressing et d&rsquo;une <a href=\"https:\/\/www.admagazine.fr\/article\/petites-salles-bains-dictent-codes-decoration\" target=\"_blank\" rel=\"noopener\">salle de bains<\/a> g\u00e9n\u00e9reuse. Elle est flanqu\u00e9e d&rsquo;une seconde suite, plus petite mais tout aussi soign\u00e9e, con\u00e7ue pour accueillir les invit\u00e9s avec discr\u00e9tion et \u00e9l\u00e9gance \u00bb, concluent Herrera et Iacopetta. L&rsquo;espace nuit est compl\u00e9t\u00e9 par un espace de d\u00e9tente priv\u00e9, \u00e9quip\u00e9 d&rsquo;une salle de sport et d&rsquo;un spa, con\u00e7u pour combiner bien-\u00eatre et vie priv\u00e9e. Le r\u00e9sultat est un appartement \u00e0 l&rsquo;identit\u00e9 forte, o\u00f9 la m\u00e9moire historique et la vision contemporaine s&rsquo;entrem\u00ealent pour raconter une histoire d&rsquo;\u00e9l\u00e9gance, de <a href=\"https:\/\/www.admagazine.fr\/galerie\/naples-petit-espace-fonctionnalite\" target=\"_blank\" rel=\"noopener\">fonctionnalit\u00e9<\/a> et de recherche stylistique.<\/p>\n","protected":false},"excerpt":{"rendered":"Tout est parti d&rsquo;une rencontre fortuite. \u00ab Nous avons trouv\u00e9 dans l&rsquo;entrep\u00f4t d&rsquo;un antiquaire une biblioth\u00e8que de Gio&hellip;\n","protected":false},"author":2,"featured_media":266616,"comment_status":"","ping_status":"","sticky":false,"template":"","format":"standard","meta":{"footnotes":""},"categories":[1358],"tags":[1348,1384,1385,1386,58,59,1011,27,30652,452,3798],"class_list":{"0":"post-266615","1":"post","2":"type-post","3":"status-publish","4":"format-standard","5":"has-post-thumbnail","7":"category-arts-et-design","8":"tag-arts","9":"tag-arts-and-design","10":"tag-arts-et-design","11":"tag-design","12":"tag-divertissement","13":"tag-entertainment","14":"tag-fr","15":"tag-france","16":"tag-gio-ponti","17":"tag-italie","18":"tag-modernisme"},"share_on_mastodon":{"url":"https:\/\/pubeurope.com\/@fr\/114899193867190461","error":""},"_links":{"self":[{"href":"https:\/\/www.europesays.com\/fr\/wp-json\/wp\/v2\/posts\/266615","targetHints":{"allow":["GET"]}}],"collection":[{"href":"https:\/\/www.europesays.com\/fr\/wp-json\/wp\/v2\/posts"}],"about":[{"href":"https:\/\/www.europesays.com\/fr\/wp-json\/wp\/v2\/types\/post"}],"author":[{"embeddable":true,"href":"https:\/\/www.europesays.com\/fr\/wp-json\/wp\/v2\/users\/2"}],"replies":[{"embeddable":true,"href":"https:\/\/www.europesays.com\/fr\/wp-json\/wp\/v2\/comments?post=266615"}],"version-history":[{"count":0,"href":"https:\/\/www.europesays.com\/fr\/wp-json\/wp\/v2\/posts\/266615\/revisions"}],"wp:featuredmedia":[{"embeddable":true,"href":"https:\/\/www.europesays.com\/fr\/wp-json\/wp\/v2\/media\/266616"}],"wp:attachment":[{"href":"https:\/\/www.europesays.com\/fr\/wp-json\/wp\/v2\/media?parent=266615"}],"wp:term":[{"taxonomy":"category","embeddable":true,"href":"https:\/\/www.europesays.com\/fr\/wp-json\/wp\/v2\/categories?post=266615"},{"taxonomy":"post_tag","embeddable":true,"href":"https:\/\/www.europesays.com\/fr\/wp-json\/wp\/v2\/tags?post=266615"}],"curies":[{"name":"wp","href":"https:\/\/api.w.org\/{rel}","templated":true}]}}