{"id":266619,"date":"2025-07-22T22:16:28","date_gmt":"2025-07-22T22:16:28","guid":{"rendered":"https:\/\/www.europesays.com\/fr\/266619\/"},"modified":"2025-07-22T22:16:28","modified_gmt":"2025-07-22T22:16:28","slug":"judith-va-retourner-en-prison-chloe-et-alex-trahissent-pierre-celeste-disparait-a-t-elle-ete-kidnappee-le-resume-de-lepisode-1993-du-mercredi-23-juillet-2025","status":"publish","type":"post","link":"https:\/\/www.europesays.com\/fr\/266619\/","title":{"rendered":"Judith va retourner en prison, Chlo\u00e9 et Alex trahissent Pierre, C\u00e9leste dispara\u00eet, a-t-elle \u00e9t\u00e9 kidnapp\u00e9e ? Le r\u00e9sum\u00e9 de l\u2019\u00e9pisode 1993 du mercredi 23 juillet 2025"},"content":{"rendered":"<p><b>Mercredi 23\u00a0juillet 2025 dans l&rsquo;\u00e9pisode 1993 de <\/b><a href=\"https:\/\/www.programme-tv.net\/programme\/series-tv\/r1549293395-demain-nous-appartient\/\" target=\"_blank\" rel=\"noopener\"><b>Demain nous appartient<\/b><\/a><b> <\/b>qui <a href=\"https:\/\/www.programme-tv.net\/news\/series-tv\/383607-exclu-demain-nous-appartient-bientot-un-tremblement-de-terre-a-sete-qui-va-mourir\/\" data-api-deeplink=\"teleloisirs:\/\/news\/383607\" target=\"_blank\" rel=\"noopener\">va bient\u00f4t \u00eatre secou\u00e9 par un tremblement de terre<\/a> et dont <a href=\"https:\/\/www.programme-tv.net\/news\/series-tv\/383699-demain-nous-appartient-cette-jeune-actrice-de-la-serie-de-tf1-s-est-mariee-avec-son-compagnon-l-auteur-des-tubes-d-amir-et-de-kendji\/\" data-api-deeplink=\"teleloisirs:\/\/news\/383699\" target=\"_blank\" rel=\"noopener\">une des jeunes actrices vient de se marier<\/a>&#8230; \u00c0 l&rsquo;h\u00f4pital, Micha\u00ebl interroge Judith \u00e0 propos de <a href=\"https:\/\/www.programme-tv.net\/news\/series-tv\/377136-demain-nous-appartient-en-avance-judith-est-sauvee-mais-elle-recoit-une-menace-de-mort-manny-rejette-pierre-le-resume-de-lepisode-1992-du-mardi-22-juillet-2025\/\" data-api-deeplink=\"teleloisirs:\/\/news\/377136\" target=\"_blank\" rel=\"noopener\">la lettre de menace qu&rsquo;elle a re\u00e7ue<\/a>. Noor, qui \u00e9tait en charge de sa chambre la veille, n&rsquo;a rien remarqu\u00e9 de particulier. Micha\u00ebl annonce qu&rsquo;il va faire analyser la missive. Mais Judith en est persuad\u00e9e : il ne va rien retrouver. Le coupable est bien trop habile et <a href=\"https:\/\/www.programme-tv.net\/news\/series-tv\/383201-demain-nous-appartient-en-avance-judith-est-arretee-pour-le-meurtre-du-dealer-le-resume-de-l-episode-1987-du-mardi-15-juillet-2025\/\" data-api-deeplink=\"teleloisirs:\/\/news\/383201\" target=\"_blank\" rel=\"noopener\">a d\u00e9j\u00e0 r\u00e9ussi \u00e0 la faire incriminer pour le meurtre de Cyril<\/a>. Elle est \u00e0 bout et craint pour sa vie lorsqu&rsquo;elle devra retourner en prison. Micha\u00ebl tente de la rassurer : il ne va pas la laisser tomber. Alors qu&rsquo;il quitte sa chambre, Micha\u00ebl tombe sur Chlo\u00e9 et Alex. Les parents de Judith en sont persuad\u00e9s : cette lettre d\u00e9douane leur fille. Mais le flic douche leur optimisme : il ne peut pas rouvrir l&rsquo;enqu\u00eate en se basant uniquement sur cet \u00e9l\u00e9ment. Alex lui montre alors une photo : celle de la menace \u00e9crite sur la baie vitr\u00e9e de leur maison, \u00ab\u00a0\u00c7a va mal finir\u00a0\u00bb. Avant de partir, Micha\u00ebl les met alors en garde : ils ne doivent pas se mettre en danger et, surtout, ils devraient porter plainte. Alex glisse alors \u00e0 Chlo\u00e9 qu&rsquo;il va rejoindre Pierre pour retrouver son fils.<\/p>\n<p>                        <b>Demain nous appartient<\/b><b> en avance : Nordine propose \u00e0 Manon d&#8217;emm\u00e9nager avec lui<\/b><\/p>\n<p>Alors qu&rsquo;elles regardent les photos des fian\u00e7ailles de Manon et Nordine, Camille et Maud parlent de la bague offerte par Martin \u00e0 son fils : celle de la grand-m\u00e8re de ce dernier. Et elles soulignent que Rapha\u00eblle a peut-\u00eatre mal pris ce geste. Elle aurait sans doute voulu la recevoir. Confus, Martin r\u00e9alise qu&rsquo;il a sans doute fait une erreur. Au m\u00eame moment, Nordine apprend qu&rsquo;il va devoir quitter son appartement. Il en profite pour proposer \u00e0 Manon d&#8217;emm\u00e9nager avec lui, dans un appartement rien qu&rsquo;\u00e0 eux. En fin de journ\u00e9e, Martin mal \u00e0 l&rsquo;aise demande \u00e0 Rapha\u00eblle si elle ne lui en veut pas pour la bague. Mais elle le rassure tout de suite : tout va bien ! Camille et Maud l&rsquo;ont fait totalement marcher.<\/p>\n<p>            <b>Demain nous appartient<\/b><b> en avance : Mona quitte le Spoon !<\/b><\/p>\n<p>Au Spoon, Mona r\u00e9v\u00e8le \u00e0 Audrey que Bart a chang\u00e9 de parfum. Pour elle, cela ne fait aucun doute : c&rsquo;est parce qu&rsquo;il a chang\u00e9 de petite copine ! Quand Bart d\u00e9barque, le sourire aux l\u00e8vres et sifflotant, la suspicion prend de l&rsquo;\u00e9paisseur. Peu apr\u00e8s, Jo\u00ebl annonce \u00e0 Mona qu&rsquo;il a r\u00e9ussi \u00e0 obtenir un stand aux halles de S\u00e8te. Il a envie d&rsquo;y ouvrir une boutique de traiteur. Et il propose \u00e0 Mona de travailler avec lui. En discutant avec Mona de cette opportunit\u00e9, Audrey constate qu&rsquo;elle semble avoir d\u00e9j\u00e0 pris sa d\u00e9cision. Mona ne nie pas et s&rsquo;inqui\u00e8te d\u00e9j\u00e0 pour Bart. En fin de journ\u00e9e, Mona annonce la triste nouvelle \u00e0 Bart : elle va quitter le Spoon pour diriger le stand aux halles avec Jo\u00ebl.<\/p>\n<p>                        <b>Demain nous appartient<\/b><b> en avance : Chlo\u00e9 et Alex trahissent la promesse faite \u00e0 Pierre<\/b><\/p>\n<p>Apr\u00e8s avoir aid\u00e9 Pierre dans ses recherches, Alex d\u00e9couvre que les pneus de sa camionnette ont \u00e9t\u00e9 crev\u00e9s. Pas de doute : ils ont \u00e9t\u00e9 suivis. Mise au courant de ce nouvel incident, Chlo\u00e9 plaide pour avertir la police. Mais Alex lui rappelle que Manny risque la prison si les flics le retrouvent et qu&rsquo;ils ont promis \u00e0 Pierre de l&rsquo;aider \u00e0 le retrouver. Chlo\u00e9 r\u00e9torque que le temps presse : la demande de lib\u00e9ration conditionnelle de Judith a \u00e9t\u00e9 refus\u00e9e, elle va bient\u00f4t retourner en prison. \u00c0 la paillote, Violette s&rsquo;en veut d&rsquo;\u00eatre jalouse face \u00e0 l&rsquo;int\u00e9r\u00eat que porte Jordan \u00e0 la situation difficile de Judith. Au commissariat, Micha\u00ebl a des mauvaises nouvelles pour Chlo\u00e9 et Alex : l&rsquo;analyse de la lettre de menace n&rsquo;a rien donn\u00e9 et toutes les bandes de vid\u00e9osurveillance de l&rsquo;h\u00f4pital ont \u00e9t\u00e9 effac\u00e9es. Les parents de Judith r\u00e9v\u00e8lent alors \u00e0 Micha\u00ebl qu&rsquo;ils sont sur la piste d&rsquo;Emmanuel Dalvin, surnomm\u00e9 Manny, qui \u00e9tait le pote ins\u00e9parable de Cyril. Ils lui demandent son aide. Pour qu&rsquo;il puisse enqu\u00eater, il a besoin qu&rsquo;Alex porte plainte pour sa camionnette. En \u00e9change, Micha\u00ebl intime Chlo\u00e9 et Alex d&rsquo;arr\u00eater leur recherche. Peu apr\u00e8s, ils informent Pierre de leur d\u00e9marche aupr\u00e8s de Micha\u00ebl. Il se sent trahi. Il pensait pouvoir leur faire confiance. Il les avait pr\u00e9venus du danger. Il pense que son fils va finir en taule \u00e0 cause d&rsquo;eux.<\/p>\n<p>            Demain nous appartient : C\u00e9leste dispara\u00eet ! A-t-elle \u00e9t\u00e9 enlev\u00e9e ?<\/p>\n<p>Alors qu&rsquo;il est au parc avec C\u00e9leste, Alex envoie un vocal \u00e0 Pierre. Il lui pr\u00e9sente ses excuses et comprend qu&rsquo;il puisse leur en vouloir. Apr\u00e8s avoir \u00e9cout\u00e9 la r\u00e9ponse de Pierre, Alex ne trouve pas C\u00e9leste. \u00c0 l&rsquo;h\u00f4pital, Marianne informe Chlo\u00e9 que Judith va bient\u00f4t quitter le service et donc retrouver la prison. C&rsquo;est alors qu&rsquo;Alex, paniqu\u00e9, appelle pour lui dire que leur fille a disparu !<\/p>\n","protected":false},"excerpt":{"rendered":"Mercredi 23\u00a0juillet 2025 dans l&rsquo;\u00e9pisode 1993 de Demain nous appartient qui va bient\u00f4t \u00eatre secou\u00e9 par un tremblement&hellip;\n","protected":false},"author":2,"featured_media":266620,"comment_status":"","ping_status":"","sticky":false,"template":"","format":"standard","meta":{"footnotes":""},"categories":[1356],"tags":[244,3598,5247,58,59,1011,27,5250,5249,5248,5246,5252,252,199,5251,1364],"class_list":{"0":"post-266619","1":"post","2":"type-post","3":"status-publish","4":"format-standard","5":"has-post-thumbnail","7":"category-television","8":"tag-commentaire","9":"tag-demain-nous-appartient","10":"tag-demain-nous-appartient-en-avance","11":"tag-divertissement","12":"tag-entertainment","13":"tag-fr","14":"tag-france","15":"tag-lorie","16":"tag-mytf1-max","17":"tag-ru00e9sumu00e9-demain-nous-appartient","18":"tag-ru00e9sumu00e9-en-avance-demain-nous-appartient","19":"tag-su00e9ries-mania","20":"tag-television","21":"tag-tf1","22":"tag-tu00e9lu00e9-loisirs","23":"tag-tv"},"share_on_mastodon":{"url":"https:\/\/pubeurope.com\/@fr\/114899201821943709","error":""},"_links":{"self":[{"href":"https:\/\/www.europesays.com\/fr\/wp-json\/wp\/v2\/posts\/266619","targetHints":{"allow":["GET"]}}],"collection":[{"href":"https:\/\/www.europesays.com\/fr\/wp-json\/wp\/v2\/posts"}],"about":[{"href":"https:\/\/www.europesays.com\/fr\/wp-json\/wp\/v2\/types\/post"}],"author":[{"embeddable":true,"href":"https:\/\/www.europesays.com\/fr\/wp-json\/wp\/v2\/users\/2"}],"replies":[{"embeddable":true,"href":"https:\/\/www.europesays.com\/fr\/wp-json\/wp\/v2\/comments?post=266619"}],"version-history":[{"count":0,"href":"https:\/\/www.europesays.com\/fr\/wp-json\/wp\/v2\/posts\/266619\/revisions"}],"wp:featuredmedia":[{"embeddable":true,"href":"https:\/\/www.europesays.com\/fr\/wp-json\/wp\/v2\/media\/266620"}],"wp:attachment":[{"href":"https:\/\/www.europesays.com\/fr\/wp-json\/wp\/v2\/media?parent=266619"}],"wp:term":[{"taxonomy":"category","embeddable":true,"href":"https:\/\/www.europesays.com\/fr\/wp-json\/wp\/v2\/categories?post=266619"},{"taxonomy":"post_tag","embeddable":true,"href":"https:\/\/www.europesays.com\/fr\/wp-json\/wp\/v2\/tags?post=266619"}],"curies":[{"name":"wp","href":"https:\/\/api.w.org\/{rel}","templated":true}]}}