{"id":266621,"date":"2025-07-22T22:17:13","date_gmt":"2025-07-22T22:17:13","guid":{"rendered":"https:\/\/www.europesays.com\/fr\/266621\/"},"modified":"2025-07-22T22:17:13","modified_gmt":"2025-07-22T22:17:13","slug":"francis-lalanne-revele-etre-en-remission","status":"publish","type":"post","link":"https:\/\/www.europesays.com\/fr\/266621\/","title":{"rendered":"Francis Lalanne r\u00e9v\u00e8le \u00eatre \u00ab en r\u00e9mission \u00bb"},"content":{"rendered":"<p class=\"mb-4 text-lg md:leading-8 break-words\">Apr\u00e8s avoir perdu trente-cinq kilos, Francis Lalanne ne pouvait plus cacher qu&rsquo;il \u00e9tait malade. Aussi a-t-il pris le parti de r\u00e9v\u00e9ler qu&rsquo;il \u00e9tait \u00ab\u00a0en r\u00e9mission\u00a0\u00bb.\u00a0L&rsquo;interpr\u00e8te de \u00ab\u00a0On se retrouvera\u00a0\u00bb semble en revanche ne pas vouloir prononcer le mot \u00ab\u00a0cancer\u00a0\u00bb. Il se contente de confirmer qu&rsquo;il s&rsquo;agit bien \u00ab\u00a0de ce genre de chose\u00a0\u00bb, aupr\u00e8s de Jordan De Luxe qui lui demandait si c&rsquo;\u00e9tait \u00ab\u00a0un cancer\u00a0\u00bb lorsque Francis Lalanne lui a indiqu\u00e9 avoir eu un \u00ab\u00a0grave probl\u00e8me de sant\u00e9\u00a0\u00bb.<\/p>\n<p class=\"mb-4 text-lg md:leading-8 break-words\">Le <a class=\"link \" href=\"https:\/\/www.lepoint.fr\/people\/francis-lalanne-condamne-apres-une-dispute-avec-son-ex-compagne-21-02-2023-2509574_2116.php\" rel=\"nofollow noopener\" target=\"_blank\" data-ylk=\"slk:chanteur controvers\u00e9;elm:context_link;itc:0;sec:content-canvas\">chanteur controvers\u00e9<\/a>\u00a0est pass\u00e9 aux confidences dans le Jet de Luxe de l&rsquo;ancien animateur de C8. Comme on peut le voir dans un extrait de l&rsquo;interview diffus\u00e9e\u00a0par <a class=\"link \" href=\"https:\/\/www.jeanmarcmorandini.com\/article-613762-exclusif-francis-lalanne-raconte-son-combat-contre-le-cancer-et-revele-avoir-choisi-des-traitements-non-autorises-je-suis-aujourd-hui-en-remission-mais-ce-que-j-ai-fait-est-interdit-en-france.html\" rel=\"nofollow noopener\" target=\"_blank\" data-ylk=\"slk:le site;elm:context_link;itc:0;sec:content-canvas\">le site<\/a> de Jean-Marc Morandini, Francis Lalanne est un peu plus disert sur l&rsquo;option qu&rsquo;il a choisie pour se soigner.<\/p>\n<p class=\"mb-4 text-lg md:leading-8 break-words\">\u00c0 LIRE AUSSI <strong class=\"strong\"><a href=\"https:\/\/www.lepoint.fr\/people\/francis-lalanne-declare-ineligible-pour-dix-huit-mois-18-04-2025-2587662_2116.php\" rel=\"nofollow noopener\" target=\"_blank\" data-ylk=\"slk:Francis Lalanne d\u00e9clar\u00e9 in\u00e9ligible pour dix-huit\u00a0mois;elm:context_link;itc:0;sec:content-canvas\" class=\"link \">Francis Lalanne d\u00e9clar\u00e9 in\u00e9ligible pour dix-huit\u00a0mois<\/a><\/strong>Fid\u00e8le \u00e0 <a class=\"link \" href=\"https:\/\/www.lepoint.fr\/societe\/une-decision-dangereuse-un-medecin-injustement-sanctionne-pour-avoir-critique-bigard-et-lalanne-27-02-2024-2553529_23.php\" rel=\"nofollow noopener\" target=\"_blank\" data-ylk=\"slk:ses positions antivax et anti-masque;elm:context_link;itc:0;sec:content-canvas\">ses positions antivax et anti-masque<\/a>, celui qui a combattu la vaccination contre le Covid-19 (\u00ab\u00a0un crime contre l&rsquo;humanit\u00e9\u00a0\u00bb) a confi\u00e9 qu&rsquo;il avait pris, l\u00e0 aussi, une voie alternative \u00e0 la m\u00e9decine occidentale pour se soigner.<\/p>\n<p>\u00ab\u00a0Je n&rsquo;ai pas le droit d&rsquo;en parler\u00a0\u00bb<\/p>\n<p class=\"mb-4 text-lg md:leading-8 break-words\">Des approches qu&rsquo;il d\u00e9finit comme \u00ab\u00a0diff\u00e9rentes\u00a0\u00bb et consid\u00e8re comme \u00e9tant \u00ab\u00a0non agressives\u00a0\u00bb. Sa longue chevelure intacte en est-elle la preuve\u00a0? \u00ab\u00a0Je me suis trait\u00e9 sans traitements traditionnels qui sont en g\u00e9n\u00e9ral \u00e0 l&rsquo;origine de ce type de r\u00e9action\u00a0\u00bb, indique le troubadour. \u00ab\u00a0J&rsquo;ai d\u00e9cid\u00e9 de ne pas \u00eatre trait\u00e9 par la chimio. C&rsquo;est le sketch de mon fr\u00e8re Dieudonn\u00e9\u00a0qui m&rsquo;a fai [&#8230;] <a href=\"https:\/\/www.lepoint.fr\/people\/francis-lalanne-revele-etre-en-remission-22-07-2025-2594914_2116.php\" rel=\"nofollow noopener\" target=\"_blank\" data-ylk=\"slk:Lire la suite;elm:context_link;itc:0;sec:content-canvas\" class=\"link \">Lire la suite<\/a><\/p>\n","protected":false},"excerpt":{"rendered":"Apr\u00e8s avoir perdu trente-cinq kilos, Francis Lalanne ne pouvait plus cacher qu&rsquo;il \u00e9tait malade. Aussi a-t-il pris le&hellip;\n","protected":false},"author":2,"featured_media":266622,"comment_status":"","ping_status":"","sticky":false,"template":"","format":"standard","meta":{"footnotes":""},"categories":[1355],"tags":[40606,58,59,1011,27,21301,28917,1361,873],"class_list":{"0":"post-266621","1":"post","2":"type-post","3":"status-publish","4":"format-standard","5":"has-post-thumbnail","7":"category-musique","8":"tag-crime-contre-lhumanite","9":"tag-divertissement","10":"tag-entertainment","11":"tag-fr","12":"tag-france","13":"tag-francis-lalanne","14":"tag-jean-marc-morandini","15":"tag-music","16":"tag-musique"},"share_on_mastodon":{"url":"https:\/\/pubeurope.com\/@fr\/114899205736273119","error":""},"_links":{"self":[{"href":"https:\/\/www.europesays.com\/fr\/wp-json\/wp\/v2\/posts\/266621","targetHints":{"allow":["GET"]}}],"collection":[{"href":"https:\/\/www.europesays.com\/fr\/wp-json\/wp\/v2\/posts"}],"about":[{"href":"https:\/\/www.europesays.com\/fr\/wp-json\/wp\/v2\/types\/post"}],"author":[{"embeddable":true,"href":"https:\/\/www.europesays.com\/fr\/wp-json\/wp\/v2\/users\/2"}],"replies":[{"embeddable":true,"href":"https:\/\/www.europesays.com\/fr\/wp-json\/wp\/v2\/comments?post=266621"}],"version-history":[{"count":0,"href":"https:\/\/www.europesays.com\/fr\/wp-json\/wp\/v2\/posts\/266621\/revisions"}],"wp:featuredmedia":[{"embeddable":true,"href":"https:\/\/www.europesays.com\/fr\/wp-json\/wp\/v2\/media\/266622"}],"wp:attachment":[{"href":"https:\/\/www.europesays.com\/fr\/wp-json\/wp\/v2\/media?parent=266621"}],"wp:term":[{"taxonomy":"category","embeddable":true,"href":"https:\/\/www.europesays.com\/fr\/wp-json\/wp\/v2\/categories?post=266621"},{"taxonomy":"post_tag","embeddable":true,"href":"https:\/\/www.europesays.com\/fr\/wp-json\/wp\/v2\/tags?post=266621"}],"curies":[{"name":"wp","href":"https:\/\/api.w.org\/{rel}","templated":true}]}}