{"id":266623,"date":"2025-07-22T22:18:11","date_gmt":"2025-07-22T22:18:11","guid":{"rendered":"https:\/\/www.europesays.com\/fr\/266623\/"},"modified":"2025-07-22T22:18:11","modified_gmt":"2025-07-22T22:18:11","slug":"james-gunn-regrette-la-maniere-dont-henry-cavill-a-appris-quil-netait-plus-clark-kent","status":"publish","type":"post","link":"https:\/\/www.europesays.com\/fr\/266623\/","title":{"rendered":"James Gunn regrette la mani\u00e8re dont Henry Cavill a appris qu\u2019il n\u2019\u00e9tait plus Clark Kent"},"content":{"rendered":"<p>        <img decoding=\"async\" loading=\"lazy\" src=\"https:\/\/www.europesays.com\/fr\/wp-content\/uploads\/2025\/07\/3affacf_upload-1-an7bc1xtod1z-000-663m7lh.jpg\"  width=\"728\" height=\"409\" alt=\"James Gunn, ici le 7\u00a0juillet 2025, regrette la mani\u00e8re dont Henry Cavill a appris qu\u2019il n\u2019\u00e9tait plus \u00ab\u00a0Superman\u00a0\u00bb.\"\/>  <\/p>\n<p>VALERIE MACON \/ AFP<\/p>\n<p>James Gunn, ici le 7\u00a0juillet 2025, regrette la mani\u00e8re dont Henry Cavill a appris qu\u2019il n\u2019\u00e9tait plus \u00ab\u00a0Superman\u00a0\u00bb.<\/p>\n<p class=\"asset asset-text\">CULTURE &#8211; \u00ab\u00a0 C\u2019\u00e9tait vraiment injuste pour lui\u00a0\u00bb. Le r\u00e9alisateur James Gunn est revenu sur le moment \u00ab\u00a0terrible\u00a0\u00bb o\u00f9 il a d\u00fb annoncer \u00e0 l\u2019acteur britannique Henry Cavill, titulaire du r\u00f4le dans\u00a0Man of Steel, qu\u2019il devait rendre la cape de<a href=\"https:\/\/www.huffingtonpost.fr\/culture\/article\/le-nouveau-superman-cartonne-au-box-office-nord-americain-et-ca-ne-va-pas-plaire-aux-trumpistes_252610.html\" target=\"_blank\" rel=\"noopener\"> Superman<\/a>. Le super-h\u00e9ros est d\u00e9sormais incarn\u00e9 par l\u2019Am\u00e9ricain <a href=\"https:\/\/www.huffingtonpost.fr\/culture\/article\/david-corenswet-sera-superman-dans-le-prochain-film-de-james-gunn-en-2025_219855.html\" target=\"_blank\" rel=\"noopener\">David Corenswet<\/a>.<\/p>\n<p class=\"asset asset-text\">En 2022, le r\u00e9alisateur des Gardiens de la Galaxie avait \u00e9t\u00e9 engag\u00e9\u00a0par Warner Bros pour superviser la production, et l\u2019une des premi\u00e8res t\u00e2ches sur sa liste \u00e9tait d\u2019engager un nouvel acteur pour incarner le super-h\u00e9ros venu de Krypton, rappelle le journal l<a href=\"https:\/\/www.independent.co.uk\/arts-entertainment\/films\/news\/superman-henry-cavill-james-gunn-dc-warner-bros-b2792397.html\" target=\"_blank\" rel=\"noopener\" title=\"Nouvelle fen\u00eatre\">\u2019Independent<\/a>.<\/p>\n<p class=\"asset asset-text\">Warner Bros avait annonc\u00e9 pr\u00e9matur\u00e9ment \u00e0 Henry Cavill qu\u2019il reviendrait dans le r\u00f4le de Clark Kent. Lors de sa prise de fonction aux c\u00f4t\u00e9s de Peter Safran, James Gunn n\u2019en avait pas \u00e9t\u00e9 inform\u00e9 et a finalement d\u00fb expliquer \u00e0 l\u2019acteur que ce n\u2019\u00e9tait pas le cas.<\/p>\n<p>    Henry Cavill dans un nouveau costume\u00a0?    <\/p>\n<p class=\"asset asset-text\">Au cours d\u2019un \u00e9pisode du podcast Happy Sad Confused, le r\u00e9alisateur du nouveau\u00a0Superman, un succ\u00e8s au box-office depuis sa sortie le 9\u00a0juillet au cin\u00e9ma, a racont\u00e9\u00a0: \u00ab\u00a0Nous nous sommes assis, et il [Henry Cavill] a \u00e9t\u00e9 un vrai gentleman, un super gars\u00a0\u00bb. L\u2019acteur lui a demand\u00e9 une seule faveur\u00a0: annoncer la mauvaise nouvelle lui-m\u00eame. \u00ab\u00a0Je me suis dit\u00a0: \u201cC\u2019est la classe\u201d\u00a0\u00bb, a poursuivi James Gunn.<\/p>\n<p class=\"asset asset-text\">Le r\u00e9alisateur a \u00e9galement d\u00e9clar\u00e9 qu\u2019il \u00ab\u00a0adorerait faire jouer\u00a0\u00bb Henry Cavill dans un futur film de l\u2019univers DC, r\u00e9v\u00e9lant\u00a0: \u00ab\u00a0J\u2019en ai parl\u00e9 avec lui lors d\u2019une conf\u00e9rence de presse\u00a0\u00bb. Il n\u2019a pas pr\u00e9cis\u00e9 les pistes envisag\u00e9es,\u00a0mais rien est impossible.<\/p>\n<p class=\"asset asset-text\">Superman\u00a0est de nouveau arriv\u00e9 en t\u00eate du box-office nord-am\u00e9ricain la semaine derni\u00e8re avec des recettes s\u2019\u00e9levant \u00e0 57,3 millions de dollars, selon les estimations de dimanche du cabinet sp\u00e9cialis\u00e9 Exhibitor Relations. Ce nouvel opus grand budget de Warner Bros et DC Studios a r\u00e9colt\u00e9 de nombreuses critiques positives et a d\u00e9pass\u00e9 les 400 millions de dollars au total depuis sa sortie il y a plus de dix jours (235 millions en Am\u00e9rique du Nord, 171 millions \u00e0 l\u2019international).<\/p>\n","protected":false},"excerpt":{"rendered":"VALERIE MACON \/ AFP James Gunn, ici le 7\u00a0juillet 2025, regrette la mani\u00e8re dont Henry Cavill a appris&hellip;\n","protected":false},"author":2,"featured_media":266624,"comment_status":"","ping_status":"","sticky":false,"template":"","format":"standard","meta":{"footnotes":""},"categories":[1354],"tags":[650,251,58,59,1346,1011,27,1360,4233,2133],"class_list":{"0":"post-266623","1":"post","2":"type-post","3":"status-publish","4":"format-standard","5":"has-post-thumbnail","7":"category-films","8":"tag-cinema","9":"tag-culture","10":"tag-divertissement","11":"tag-entertainment","12":"tag-films","13":"tag-fr","14":"tag-france","15":"tag-movies","16":"tag-realisateur","17":"tag-superman"},"share_on_mastodon":{"url":"https:\/\/pubeurope.com\/@fr\/114899209734856509","error":""},"_links":{"self":[{"href":"https:\/\/www.europesays.com\/fr\/wp-json\/wp\/v2\/posts\/266623","targetHints":{"allow":["GET"]}}],"collection":[{"href":"https:\/\/www.europesays.com\/fr\/wp-json\/wp\/v2\/posts"}],"about":[{"href":"https:\/\/www.europesays.com\/fr\/wp-json\/wp\/v2\/types\/post"}],"author":[{"embeddable":true,"href":"https:\/\/www.europesays.com\/fr\/wp-json\/wp\/v2\/users\/2"}],"replies":[{"embeddable":true,"href":"https:\/\/www.europesays.com\/fr\/wp-json\/wp\/v2\/comments?post=266623"}],"version-history":[{"count":0,"href":"https:\/\/www.europesays.com\/fr\/wp-json\/wp\/v2\/posts\/266623\/revisions"}],"wp:featuredmedia":[{"embeddable":true,"href":"https:\/\/www.europesays.com\/fr\/wp-json\/wp\/v2\/media\/266624"}],"wp:attachment":[{"href":"https:\/\/www.europesays.com\/fr\/wp-json\/wp\/v2\/media?parent=266623"}],"wp:term":[{"taxonomy":"category","embeddable":true,"href":"https:\/\/www.europesays.com\/fr\/wp-json\/wp\/v2\/categories?post=266623"},{"taxonomy":"post_tag","embeddable":true,"href":"https:\/\/www.europesays.com\/fr\/wp-json\/wp\/v2\/tags?post=266623"}],"curies":[{"name":"wp","href":"https:\/\/api.w.org\/{rel}","templated":true}]}}