{"id":266625,"date":"2025-07-22T22:19:10","date_gmt":"2025-07-22T22:19:10","guid":{"rendered":"https:\/\/www.europesays.com\/fr\/266625\/"},"modified":"2025-07-22T22:19:10","modified_gmt":"2025-07-22T22:19:10","slug":"a-40-ans-et-apparemment-en-parfaite-sante-il-apprend-quil-est-atteint-du-cancer-au-cerveau-le-plus-agressif","status":"publish","type":"post","link":"https:\/\/www.europesays.com\/fr\/266625\/","title":{"rendered":"\u00c0 40 ans et \u00ab\u00a0apparemment en parfaite sant\u00e9\u00a0\u00bb, il apprend qu\u2019il est atteint du cancer au cerveau le plus agressif"},"content":{"rendered":"<p>Un miracul\u00e9. En octobre 2022, Ben Trotman apprend qu&rsquo;il souffre d&rsquo;un glioblastome alors qu&rsquo;il est \u00e2g\u00e9 de seulement 40 ans. Cette tumeur c\u00e9r\u00e9brale maligne est la plus fr\u00e9quente chez l&rsquo;adulte. \u00ab\u00a0Les glioblastomes se d\u00e9veloppent le long des voies fibreuses du cerveau et se propagent ainsi localement, r\u00e9gionalement et suprar\u00e9gionalement. En r\u00e8gle g\u00e9n\u00e9rale, les glioblastomes ne provoquent pas de m\u00e9tastases en dehors du syst\u00e8me nerveux\u00a0\u00bb, d\u00e9taille <a data-i13n=\"cpos:1;pos:1\" href=\"https:\/\/neurochirurgie.insel.ch\/fr\/maladies-traitees-specialites\/tumeurs-cerebrales\/glioblastome#:~:text=Le%20glioblastome%20est%20la%20tumeur,touche%20principalement%20les%20personnes%20%C3%A2g%C3%A9es.\" rel=\"nofollow noopener\" target=\"_blank\" data-ylk=\"slk:l&#039;h\u00f4pital universitaire de Berne;cpos:1;pos:1;elm:context_link;itc:0;sec:content-canvas\" class=\"link \">l&rsquo;h\u00f4pital universitaire de Berne<\/a>.<\/p>\n<p><strong>LIRE AUSSI &gt;&gt;<\/strong> <a data-i13n=\"cpos:2;pos:1\" href=\"https:\/\/fr.news.yahoo.com\/est-ce-que-je-pourrais-assister-au-deuxieme-anniversaire-de-mon-fils-a-42-ans-tout-juste-papa-il-pense-que-son-mal-de-tete-est-cause-par-le-stress-il-souffre-en-fait-du-cancer-de-terminator-094437181.html\" data-ylk=\"slk:&quot;Est-ce que je pourrais assister au deuxi\u00e8me anniversaire de mon fils ?&quot; : \u00c0 42 ans, tout juste papa, il pense que son mal de t\u00eate est caus\u00e9 par le stress, il souffre en fait du &quot;cancer de Terminator&quot;;cpos:2;pos:1;elm:context_link;itc:0;sec:content-canvas;outcm:mb_qualified_link;_E:mb_qualified_link;ct:story;\" class=\"link  yahoo-link\" rel=\"nofollow noopener\" target=\"_blank\">\u00ab\u00a0Est-ce que je pourrais assister au deuxi\u00e8me anniversaire de mon fils ?\u00a0\u00bb : \u00c0 42 ans, tout juste papa, il pense que son mal de t\u00eate est caus\u00e9 par le stress, il souffre en fait du \u00ab\u00a0cancer de Terminator\u00a0\u00bb<\/a><\/p>\n<p>\u00ab\u00a0Recevoir ce diagnostic a \u00e9t\u00e9 l\u2019exp\u00e9rience la plus traumatisante. Nous \u00e9tions aux prises avec le fait que Ben \u00e9tait pass\u00e9 d\u2019une sant\u00e9 apparemment parfaite \u00e0 quelques mois \u00e0 vivre\u00a0\u00bb, confie Emily, son \u00e9pouse. Il devient alors le seul patient au monde \u00e0 int\u00e9grer un essai clinique sur l&rsquo;ipilimumab, un m\u00e9dicament d&rsquo;immunoth\u00e9rapie. Commercialis\u00e9 sous le nom de Yervoy, cet anticorps monoclonal stimule le syst\u00e8me immunitaire afin qu&rsquo;il reconnaisse et attaque les cellules canc\u00e9reuses, explique<a data-i13n=\"cpos:3;pos:1\" href=\"https:\/\/nypost.com\/2025\/07\/21\/health\/dad-with-deadly-brain-cancer-now-cancer-free-after-taking-new-drug\/\" rel=\"nofollow noopener\" target=\"_blank\" data-ylk=\"slk:le New York Post;cpos:3;pos:1;elm:context_link;itc:0;sec:content-canvas\" class=\"link \"> le New York Post<\/a>. Apr\u00e8s avoir pris ce traitement, Ben suit une radioth\u00e9rapie et une chimioth\u00e9rapie.<\/p>\n<p>\u00ab\u00a0La tumeur n&rsquo;est pas revenue\u00a0\u00bb<\/p>\n<p>\u00ab\u00a0L\u2019\u00e9l\u00e9ment crucial de cet essai est que le syst\u00e8me immunitaire des patients se renforce gr\u00e2ce au m\u00e9dicament. Ils pourront ensuite prendre un autre traitement lorsqu\u2019ils seront suffisamment en forme et en bonne sant\u00e9 pour tol\u00e9rer l\u2019immunoth\u00e9rapie\u00a0\u00bb, explique le Dr Paul Mulholland, l\u2019oncologue m\u00e9dical consultant qui dirige l\u2019essai. Deux ans et huit mois plus tard, les r\u00e9sultats de ses scanners sont clairs. \u00ab\u00a0Il est tr\u00e8s inhabituel d&rsquo;avoir un scanner clair avec un glioblastome, surtout lorsqu&rsquo;il n&rsquo;a pas subi l&rsquo;op\u00e9ration de suivi qui avait \u00e9t\u00e9 pr\u00e9vue pour retirer toute la tumeur initialement visible sur les scanners\u00a0\u00bb, confirme le Dr Paul Mulholland.<\/p>\n<p>Aujourd&rsquo;hui, le p\u00e8re de famille de 43 ans ne pr\u00e9sente plus de signe de tumeur. \u00ab\u00a0Nous avons constat\u00e9 que Ben, le seul patient recrut\u00e9 pour l&rsquo;\u00e9tude d&rsquo;immunoth\u00e9rapie NeAT-GLIO, avait des scanners clairs depuis le traitement et que la tumeur n&rsquo;\u00e9tait pas revenue plus de deux ans et demi plus tard.\u00a0\u00bb<\/p>\n<p>Un nouvel essai \u00e0 venir<\/p>\n<p>En janvier 2023, quelques mois apr\u00e8s son diagnostic, Ben a \u00e9pous\u00e9 Emily. Le couple a accueilli une petite fille qu&rsquo;ils aiment emmener en promenade avec leur chien de sauvetage.<\/p>\n<p><strong>LIRE AUSSI &gt;&gt;<\/strong> <a data-i13n=\"cpos:4;pos:1\" href=\"https:\/\/fr.news.yahoo.com\/ce-symptome-etrange-au-niveau-du-nez-etait-le-premier-signe-dun-cancer-mortel-les-medecins-lui-donnent-un-an-a-vivre-093809452.html\" data-ylk=\"slk:Ce sympt\u00f4me \u00e9trange au niveau du nez \u00e9tait le premier signe d&#039;un cancer mortel, les m\u00e9decins lui donnent un an \u00e0 vivre;cpos:4;pos:1;elm:context_link;itc:0;sec:content-canvas;outcm:mb_qualified_link;_E:mb_qualified_link;ct:story;\" class=\"link  yahoo-link\" rel=\"nofollow noopener\" target=\"_blank\">Ce sympt\u00f4me \u00e9trange au niveau du nez \u00e9tait le premier signe d&rsquo;un cancer mortel, les m\u00e9decins lui donnent un an \u00e0 vivre<\/a><\/p>\n<p>Pour la suite, les chercheurs pr\u00e9voient de recruter 16 patients atteints de glioblastome sur une p\u00e9riode de 18 mois. \u00ab\u00a0Je suis ravi que ce nouvel essai, avec le m\u00eame m\u00e9dicament d&rsquo;immunoth\u00e9rapie que j&rsquo;ai re\u00e7u, se poursuive et que d&rsquo;autres personnes aient l&rsquo;opportunit\u00e9 d&rsquo;y participer. Cela donnera un peu d&rsquo;espoir aux personnes r\u00e9cemment diagnostiqu\u00e9es avec un glioblastome.\u00a0\u00bb<\/p>\n","protected":false},"excerpt":{"rendered":"Un miracul\u00e9. En octobre 2022, Ben Trotman apprend qu&rsquo;il souffre d&rsquo;un glioblastome alors qu&rsquo;il est \u00e2g\u00e9 de seulement&hellip;\n","protected":false},"author":2,"featured_media":266626,"comment_status":"","ping_status":"","sticky":false,"template":"","format":"standard","meta":{"footnotes":""},"categories":[10],"tags":[1764,1011,27,72,40607,71],"class_list":{"0":"post-266625","1":"post","2":"type-post","3":"status-publish","4":"format-standard","5":"has-post-thumbnail","7":"category-sante","8":"tag-ans","9":"tag-fr","10":"tag-france","11":"tag-health","12":"tag-paul-mulholland","13":"tag-sante"},"share_on_mastodon":{"url":"https:\/\/pubeurope.com\/@fr\/114899213550961782","error":""},"_links":{"self":[{"href":"https:\/\/www.europesays.com\/fr\/wp-json\/wp\/v2\/posts\/266625","targetHints":{"allow":["GET"]}}],"collection":[{"href":"https:\/\/www.europesays.com\/fr\/wp-json\/wp\/v2\/posts"}],"about":[{"href":"https:\/\/www.europesays.com\/fr\/wp-json\/wp\/v2\/types\/post"}],"author":[{"embeddable":true,"href":"https:\/\/www.europesays.com\/fr\/wp-json\/wp\/v2\/users\/2"}],"replies":[{"embeddable":true,"href":"https:\/\/www.europesays.com\/fr\/wp-json\/wp\/v2\/comments?post=266625"}],"version-history":[{"count":0,"href":"https:\/\/www.europesays.com\/fr\/wp-json\/wp\/v2\/posts\/266625\/revisions"}],"wp:featuredmedia":[{"embeddable":true,"href":"https:\/\/www.europesays.com\/fr\/wp-json\/wp\/v2\/media\/266626"}],"wp:attachment":[{"href":"https:\/\/www.europesays.com\/fr\/wp-json\/wp\/v2\/media?parent=266625"}],"wp:term":[{"taxonomy":"category","embeddable":true,"href":"https:\/\/www.europesays.com\/fr\/wp-json\/wp\/v2\/categories?post=266625"},{"taxonomy":"post_tag","embeddable":true,"href":"https:\/\/www.europesays.com\/fr\/wp-json\/wp\/v2\/tags?post=266625"}],"curies":[{"name":"wp","href":"https:\/\/api.w.org\/{rel}","templated":true}]}}