{"id":266629,"date":"2025-07-22T22:21:11","date_gmt":"2025-07-22T22:21:11","guid":{"rendered":"https:\/\/www.europesays.com\/fr\/266629\/"},"modified":"2025-07-22T22:21:11","modified_gmt":"2025-07-22T22:21:11","slug":"un-homme-de-36-ans-condamne-pour-avoir-agresse-sexuellement-une-jeune-femme-en-plein-festival-off-davignon","status":"publish","type":"post","link":"https:\/\/www.europesays.com\/fr\/266629\/","title":{"rendered":"Un homme de 36\u00a0ans condamn\u00e9 pour avoir agress\u00e9 sexuellement une jeune femme en plein Festival Off d\u2019Avignon"},"content":{"rendered":"<p>Des rues bond\u00e9es, des yeux partout et pourtant\u2026 Selon une source polici\u00e8re, les agressions sexuelles se multiplient en cette p\u00e9riode de Festival et de forte affluence. Trois jours \u00e0 peine apr\u00e8s <a href=\"https:\/\/www.laprovence.com\/article\/faits-divers-justice\/30023945017633\/l-ex-miss-france-rachel-legrain-trapani-victime-d-une-agression-sexuelle-en-plein-festival-d-avignon\" target=\"_blank\" rel=\"nofollow noopener\">l\u2019agression sexuelle de l\u2019ex-Miss France Rachel Legrain-Trapani<\/a> alors qu\u2019elle distribuait des flyers pour son spectacle au Festival Off, une femme de 35 ans a \u00e9galement subi les attouchements d\u2019un homme de 36 ans, en pleine rue \u00e0 Avignon, dimanche 20 juillet au soir.<\/p>\n<p>\u00ab\u00a0Beaucoup de gens ont assist\u00e9 \u00e0 la sc\u00e8ne, sans r\u00e9agir\u00a0\u00a0\u00bb<\/p>\n<p>Il est environ 23 h 20, dimanche 20 juillet, lorsque l\u2019Avignonnaise sort d\u2019un spectacle avec une amie et marche tranquillement en direction de la place des Corps-Saints.<\/p>\n<p>En d\u00e9pit de l\u2019heure, mais Festival oblige, la rue est encore bien anim\u00e9e quand la victime re\u00e7oit une main aux fesses donn\u00e9e par derri\u00e8re \u00ab\u00a0avec \u00e9lan\u00a0\u00bb, comme elle d\u00e9crit aux policiers, avant de se maintenir quelques secondes.<\/p>\n<p>Choqu\u00e9e, elle explique avoir hurl\u00e9 sur son agresseur, interpell\u00e9 peu apr\u00e8s en \u00e9tat d\u2019ivresse manifeste par la police municipale.<\/p>\n<p>Lors de son audition, la trentenaire a d\u00e9plor\u00e9 que \u00ab\u00a0beaucoup de gens aient assist\u00e9 \u00e0 la sc\u00e8ne, sans r\u00e9agir\u00a0\u00bb.<\/p>\n<p>Une autre victime lui avait sectionn\u00e9 un bout de langue<\/p>\n<p>V\u00eatu d\u2019une chemise blanche \u00e0 manches courtes, le regard vif et avec la ferme volont\u00e9 de s\u2019exprimer sur les faits, son agresseur Chamseddine H. est de retour dans le box du tribunal correctionnel d\u2019<a href=\"https:\/\/www.laprovence.com\/vaucluse\/avignon-84007\" target=\"_blank\" rel=\"nofollow noopener\">Avignon<\/a>, apr\u00e8s une pr\u00e9c\u00e9dente condamnation en mars\u00a02023.<\/p>\n<p>Vivant \u00e0 la rue, sans ressources ni travail connu, le Tunisien de 36\u00a0ans a pass\u00e9 pr\u00e8s de deux ans derri\u00e8re les barreaux du Pontet pour une pr\u00e9c\u00e9dente agression sexuelle particuli\u00e8rement gla\u00e7ante.<\/p>\n<p>En f\u00e9vrier\u00a02023, sa victime lui avait arrach\u00e9 un bout de langue avec les dents alors que le trentenaire \u00e9tait en train de l\u2019embrasser de force et d\u2019essayer de mettre la main dans son pantalon en pleine rue. La jeune femme avait ensuite remis l\u2019organe au commissariat de police d\u2019Avignon.<\/p>\n<p>Questionn\u00e9 par le tribunal et aid\u00e9 par un traducteur, le pr\u00e9venu a fait part d\u2019un v\u00e9ritable probl\u00e8me d\u2019<a href=\"https:\/\/www.laprovence.com\/article\/societe\/1039925514930714\/drogues-et-alcool-au-travail-la-consommation-a-augmente-de-107-en-8-ans\" target=\"_blank\" rel=\"nofollow noopener\">alcool<\/a>, mais a ni\u00e9 cette nouvelle agression sexuelle.<\/p>\n<p>\u00ab\u00a0Quand j\u2019ai de l\u2019argent, je bois. Quand je n\u2019ai pas d\u2019argent, je ne bois pas\u00a0\u00bb, a simplement expliqu\u00e9 Chamseddine H., t\u00e9moignant d\u2019une situation personnelle catastrophique.<\/p>\n<p>Selon le psychiatre qui l\u2019a expertis\u00e9 lors de sa garde \u00e0 vue, le trentenaire dont l\u2019histoire n\u2019est pas connue ne souffre d\u2019aucune pathologie psychiatrique, mais repr\u00e9sente un danger au sens <a href=\"https:\/\/www.laprovence.com\/article\/region\/1813840384243815\/une-formation-pour-devenir-un-expert-en-criminologie-est-proposee-a-salon-de-provence\" target=\"_blank\" rel=\"nofollow noopener\">criminologique<\/a>, li\u00e9 \u00e0 sa personnalit\u00e9.<\/p>\n<p>Lors de ses r\u00e9quisitions, le procureur de la r\u00e9publique Nicolas Delpierre a tenu \u00e0 rappeler que les femmes \u00e9taient \u00ab\u00a0les principales victimes de ce type de comportement en cette p\u00e9riode de grands \u00e9v\u00e9nements\u00a0\u00bb, en t\u00e9moigne la circulaire du garde des Sceaux communiqu\u00e9 au tribunal judiciaire le 3\u00a0juillet\u00a02025.<\/p>\n<p>\u00ab\u00a0Le probl\u00e8me principal est que vous n\u2019assumez pas\u00a0\u00bb, a-t-il adress\u00e9 au pr\u00e9venu avant de requ\u00e9rir trois ans de prison avec mandat de d\u00e9p\u00f4t et une nouvelle interdiction de territoire d\u2019une dur\u00e9e de dix ans.<\/p>\n<p>Reconnu coupable, Chamseddine H. a \u00e9t\u00e9 condamn\u00e9 \u00e0 deux ans de prison avec mandat de d\u00e9p\u00f4t et \u00e0 dix ans d\u2019interdiction du territoire.<\/p>\n","protected":false},"excerpt":{"rendered":"Des rues bond\u00e9es, des yeux partout et pourtant\u2026 Selon une source polici\u00e8re, les agressions sexuelles se multiplient en&hellip;\n","protected":false},"author":2,"featured_media":266630,"comment_status":"","ping_status":"","sticky":false,"template":"","format":"standard","meta":{"footnotes":""},"categories":[8],"tags":[17,1120,58,4440,59,274,1294,849,1011,27,3913,11388,19684],"class_list":{"0":"post-266629","1":"post","2":"type-post","3":"status-publish","4":"format-standard","5":"has-post-thumbnail","7":"category-divertissement","8":"tag-17","9":"tag-agression","10":"tag-divertissement","11":"tag-dune","12":"tag-entertainment","13":"tag-faits-divers-justice","14":"tag-femme","15":"tag-festival","16":"tag-fr","17":"tag-france","18":"tag-jeune","19":"tag-plein","20":"tag-sexuelle"},"share_on_mastodon":{"url":"https:\/\/pubeurope.com\/@fr\/114899221562836737","error":""},"_links":{"self":[{"href":"https:\/\/www.europesays.com\/fr\/wp-json\/wp\/v2\/posts\/266629","targetHints":{"allow":["GET"]}}],"collection":[{"href":"https:\/\/www.europesays.com\/fr\/wp-json\/wp\/v2\/posts"}],"about":[{"href":"https:\/\/www.europesays.com\/fr\/wp-json\/wp\/v2\/types\/post"}],"author":[{"embeddable":true,"href":"https:\/\/www.europesays.com\/fr\/wp-json\/wp\/v2\/users\/2"}],"replies":[{"embeddable":true,"href":"https:\/\/www.europesays.com\/fr\/wp-json\/wp\/v2\/comments?post=266629"}],"version-history":[{"count":0,"href":"https:\/\/www.europesays.com\/fr\/wp-json\/wp\/v2\/posts\/266629\/revisions"}],"wp:featuredmedia":[{"embeddable":true,"href":"https:\/\/www.europesays.com\/fr\/wp-json\/wp\/v2\/media\/266630"}],"wp:attachment":[{"href":"https:\/\/www.europesays.com\/fr\/wp-json\/wp\/v2\/media?parent=266629"}],"wp:term":[{"taxonomy":"category","embeddable":true,"href":"https:\/\/www.europesays.com\/fr\/wp-json\/wp\/v2\/categories?post=266629"},{"taxonomy":"post_tag","embeddable":true,"href":"https:\/\/www.europesays.com\/fr\/wp-json\/wp\/v2\/tags?post=266629"}],"curies":[{"name":"wp","href":"https:\/\/api.w.org\/{rel}","templated":true}]}}