{"id":26663,"date":"2025-04-15T13:53:08","date_gmt":"2025-04-15T13:53:08","guid":{"rendered":"https:\/\/www.europesays.com\/fr\/26663\/"},"modified":"2025-04-15T13:53:08","modified_gmt":"2025-04-15T13:53:08","slug":"prevention-sensibilisation-au-centre-de-formation","status":"publish","type":"post","link":"https:\/\/www.europesays.com\/fr\/26663\/","title":{"rendered":"Pr\u00e9vention &#038; sensibilisation au Centre de Formation"},"content":{"rendered":"<p class=\"chapo\">La semaine derni\u00e8re, les jeunes joueurs du club ont eu l&rsquo;opportunit\u00e9 de participer \u00e0 une session de sensibilisation anim\u00e9e par Arthur Daroux, responsable de la formation et de la reconversion au Syndicat National des Basketteurs (SNB), \u00e9galement en charge du secteur masculin.<\/p>\n<p>L\u2019objectif de cette rencontre : accompagner les joueurs dans leur construction personnelle et professionnelle, en leur apportant des outils concrets pour mieux comprendre leur environnement.<br \/>\nPlusieurs th\u00e9matiques essentielles ont \u00e9t\u00e9 abord\u00e9es tout au long de cette intervention :<\/p>\n<ul>\n<li>\n<strong>Les droits et obligations du jeune joueur<\/strong>\n<\/li>\n<li>\n<strong>Le r\u00f4le des agents sportifs<\/strong>\n<\/li>\n<li>\n<strong>L\u2019usage des r\u00e9seaux sociaux<\/strong>\n<\/li>\n<li>\n<strong>Les notions de harc\u00e8lement et d\u2019agression dans le milieu du sport<\/strong>\n<\/li>\n<\/ul>\n<p>Un \u00e9change riche, essentiel pour pr\u00e9parer nos jeunes aux r\u00e9alit\u00e9s du monde professionnel. Le club remercie le SNB pour cette initiative utile et pr\u00e9cieuse, qui s\u2019inscrit pleinement dans notre volont\u00e9 d\u2019accompagner les joueurs bien au-del\u00e0 du terrain.<\/p>\n<p class=\"text-align-justify\">\u00a0<\/p><\/p>\n","protected":false},"excerpt":{"rendered":"La semaine derni\u00e8re, les jeunes joueurs du club ont eu l&rsquo;opportunit\u00e9 de participer \u00e0 une session de sensibilisation&hellip;\n","protected":false},"author":2,"featured_media":26664,"comment_status":"","ping_status":"","sticky":false,"template":"","format":"standard","meta":{"footnotes":""},"categories":[2820],"tags":[1111,11,3146,1777,674,1011,27,775,3145,12,25,3144,640],"class_list":{"0":"post-26663","1":"post","2":"type-post","3":"status-publish","4":"format-standard","5":"has-post-thumbnail","7":"category-strasbourg","8":"tag-actu","9":"tag-actualites","10":"tag-betclic-elite","11":"tag-eu","12":"tag-europe","13":"tag-fr","14":"tag-france","15":"tag-grand-est","16":"tag-lnb","17":"tag-news","18":"tag-republique-francaise","19":"tag-sig","20":"tag-strasbourg"},"share_on_mastodon":{"url":"https:\/\/pubeurope.com\/@fr\/114342317725619587","error":""},"_links":{"self":[{"href":"https:\/\/www.europesays.com\/fr\/wp-json\/wp\/v2\/posts\/26663","targetHints":{"allow":["GET"]}}],"collection":[{"href":"https:\/\/www.europesays.com\/fr\/wp-json\/wp\/v2\/posts"}],"about":[{"href":"https:\/\/www.europesays.com\/fr\/wp-json\/wp\/v2\/types\/post"}],"author":[{"embeddable":true,"href":"https:\/\/www.europesays.com\/fr\/wp-json\/wp\/v2\/users\/2"}],"replies":[{"embeddable":true,"href":"https:\/\/www.europesays.com\/fr\/wp-json\/wp\/v2\/comments?post=26663"}],"version-history":[{"count":0,"href":"https:\/\/www.europesays.com\/fr\/wp-json\/wp\/v2\/posts\/26663\/revisions"}],"wp:featuredmedia":[{"embeddable":true,"href":"https:\/\/www.europesays.com\/fr\/wp-json\/wp\/v2\/media\/26664"}],"wp:attachment":[{"href":"https:\/\/www.europesays.com\/fr\/wp-json\/wp\/v2\/media?parent=26663"}],"wp:term":[{"taxonomy":"category","embeddable":true,"href":"https:\/\/www.europesays.com\/fr\/wp-json\/wp\/v2\/categories?post=26663"},{"taxonomy":"post_tag","embeddable":true,"href":"https:\/\/www.europesays.com\/fr\/wp-json\/wp\/v2\/tags?post=26663"}],"curies":[{"name":"wp","href":"https:\/\/api.w.org\/{rel}","templated":true}]}}