{"id":266631,"date":"2025-07-22T22:22:15","date_gmt":"2025-07-22T22:22:15","guid":{"rendered":"https:\/\/www.europesays.com\/fr\/266631\/"},"modified":"2025-07-22T22:22:15","modified_gmt":"2025-07-22T22:22:15","slug":"nothing-lance-sa-nouvelle-montre-par-chere-avec-chatgpt-au-poignet","status":"publish","type":"post","link":"https:\/\/www.europesays.com\/fr\/266631\/","title":{"rendered":"Nothing lance sa nouvelle montre par ch\u00e8re, avec ChatGPT au poignet"},"content":{"rendered":"<p>Nothing a d\u00e9voil\u00e9 sa nouvelle montre accessible, la CMF Watch\u00a03 Pro, qui profite d\u2019un GPS am\u00e9lior\u00e9 et de ChatGPT accessible au poignet.<\/p>\n<p><a href=\"https:\/\/images.frandroid.com\/wp-content\/uploads\/2025\/07\/05f04e2a55da7eb4900e24072a743b61b21c0b49-4096x2305-1.jpg\" target=\"_blank\" class=\"article-content__figure\" rel=\"nofollow noopener\"><img fetchpriority=\"high\" decoding=\"async\" loading=\"eager\" width=\"1200\" height=\"800\" src=\"https:\/\/www.europesays.com\/fr\/wp-content\/uploads\/2025\/07\/05f04e2a55da7eb4900e24072a743b61b21c0b49-4096x2305-1.jpg\" alt=\"La CMF Watch 3 Pro de Nothing\" class=\"wp-image-2740991 wp-image wp-image\"  \/><\/a>La CMF Watch\u00a03 Pro de Nothing \/\/ Source\u00a0: Nothing<\/p>\n<p>Si Nothing n\u2019a jusqu\u2019\u00e0 pr\u00e9sent lanc\u00e9 aucune montre connect\u00e9e en son nom propre, le constructeur britannique s\u2019y est pourtant essay\u00e9 \u00e0 plusieurs reprises avec sa gamme plus accessible CMF. <\/p>\n<p class=\"shortcode-container see-more\">\n    Pour aller plus loin<br \/><a href=\"https:\/\/www.frandroid.com\/guide-dachat\/1941478_quelles-sont-les-meilleures-montres-connectees-pas-cheres\" rel=\"nofollow noopener\" target=\"_blank\">Quelles sont les meilleures montres connect\u00e9es pas ch\u00e8res en 2025 ?<\/a>\n            <\/p>\n<p>Apr\u00e8s deux premiers mod\u00e8les de montres connect\u00e9es lanc\u00e9es en 2023 et 2024 \u2014 les <a href=\"https:\/\/www.frandroid.com\/marques\/nothing\/1900521_test-de-la-cmf-watch-pro-on-a-teste-la-premiere-montre-connectee-de-nothing\" rel=\"nofollow noopener\" target=\"_blank\">CMF Watch Pro<\/a> et <a href=\"https:\/\/www.frandroid.com\/marques\/nothing\/2061408_test-nothing-cmf-watch-pro-2\" rel=\"nofollow noopener\" target=\"_blank\">CMF Watch Pro 2<\/a> \u2014 c\u2019est d\u00e9sormais au tour de la CMF Watch\u00a03 Pro d\u2019\u00eatre officiellement pr\u00e9sent\u00e9e ce mardi.<\/p>\n<p>Pour sa nouvelle <a href=\"https:\/\/www.frandroid.com\/guide-dachat\/1941478_quelles-sont-les-meilleures-montres-connectees-pas-cheres\" rel=\"nofollow noopener\" target=\"_blank\">montre connect\u00e9e pas ch\u00e8re<\/a>, Nothing conserve les \u00e9l\u00e9ments qui faisaient la force de son pr\u00e9c\u00e9dent mod\u00e8le. On va donc retrouver le m\u00eame design circulaire avec une lunette amovible permettant de personnaliser l\u2019aspect de la montre \u2014 un choix de design \u00e9galement utilis\u00e9 par Xiaomi sur sa <a href=\"https:\/\/www.frandroid.com\/marques\/xiaomi\/2516701_test-de-la-xiaomi-watch-s4-une-montre-personnalisable-a-lexcellente-autonomie\" rel=\"nofollow noopener\" target=\"_blank\">Xiaomi Watch\u00a0S4<\/a>. <\/p>\n<p>En outre, la CMF Watch\u00a03 Pro embarque un \u00e9cran Amoled de 1,43\u00a0pouce de diam\u00e8tre, plus grand que sur la pr\u00e9c\u00e9dente version, tout en gardant un bo\u00eetier de format identique \u2014 4,7 x 4,7 x 1,44\u00a0cm. Toujours concernant l\u2019affichage, la montre profite d\u2019une d\u00e9finition de 466 x 466\u00a0pixels, soit une densit\u00e9 de 326\u00a0pixels par pouce. La CMF Watch\u00a03 Pro est capable d\u2019atteindre un pic de luminosit\u00e9 de 670\u00a0cd\/m\u00b2. <\/p>\n<p>Un nouveau suivi GPS plus pr\u00e9cis et ChatGPT au poignet<\/p>\n<p>Bien \u00e9videmment, Nothing a int\u00e9gr\u00e9 un <a href=\"https:\/\/www.frandroid.com\/produits-android\/accessoires-objets-connectes\/montres-connectees-2\/2012074_montre-de-sport-ceinture-cardio-brassard-comment-mesurer-precisement-votre-frequence-cardiaque-durant-le-sport\" rel=\"nofollow noopener\" target=\"_blank\">capteur cardio optique<\/a> pour \u00e9valuer la fr\u00e9quence cardiaque toute la journ\u00e9e, la nuit ou durant les entra\u00eenements. La CMF Watch\u00a03 Pro peut \u00e9galement analyser le taux d\u2019oxyg\u00e8ne sanguin et les mouvements. Surtout, elle profite d\u2019une nouvelle puce <a href=\"https:\/\/www.frandroid.com\/produits-android\/accessoires-objets-connectes\/1576356_gps-gnss-double-frequence-tout-comprendre-a-la-geolocalisation-des-smartphones-et-montres-connectees\" rel=\"nofollow noopener\" target=\"_blank\">GPS double fr\u00e9quence (L1+L5)<\/a> compatible multi-GNSS (GPS, Galileo, QZSS et Beidou). <\/p>\n<p><a href=\"https:\/\/images.frandroid.com\/wp-content\/uploads\/2025\/07\/416976a48dd518e929595abeaa9b085dff82a4fd-4096x2305-1.jpg\" target=\"_blank\" class=\"article-content__figure\" rel=\"nofollow noopener\"><img loading=\"lazy\" decoding=\"async\" width=\"1200\" height=\"800\" src=\"https:\/\/www.europesays.com\/fr\/wp-content\/uploads\/2025\/07\/416976a48dd518e929595abeaa9b085dff82a4fd-4096x2305-1-1200x800.jpg\" alt=\"\" class=\"wp-image-2740989 wp-image\"  \/><\/a><\/p>\n<p>Nothing met par ailleurs l\u2019accent sur des fonctionnalit\u00e9s propos\u00e9es par l\u2019IA g\u00e9n\u00e9rative embarqu\u00e9e dans sa montre. C\u2019est le cas notamment des r\u00e9sum\u00e9s d\u2019entra\u00eenement par IA pour b\u00e9n\u00e9ficier de conseils personnalis\u00e9s ou de l\u2019int\u00e9gration de ChatGPT embarqu\u00e9 dans la montre en guise d\u2019assistant vocal. Il est possible de discuter avec l\u2019IA g\u00e9n\u00e9rative d\u2019OpenAI \u00e0 l\u2019aide du micro et du haut-parleurs, accessibles aussi pour les appels t\u00e9l\u00e9phoniques. <\/p>\n<p>Du c\u00f4t\u00e9 de la r\u00e9sistance, la CMF Watch\u00a03 Pro est certifi\u00e9e IP68 et pourra donc r\u00e9sister \u00e0 une chute dans l\u2019eau. Enfin, pour l\u2019autonomie de sa montre, Nothing annonce jusqu\u2019\u00e0 13\u00a0jours d\u2019utilisation en mode classique ou 4,5\u00a0jours avec affichage always-on. <\/p>\n<p>Prix et disponibilit\u00e9 de la CMF Watch\u00a03 Pro<\/p>\n<p>La CMF Watch\u00a03 Pro est disponible d\u00e8s \u00e0 pr\u00e9sent en France au prix de 99 euros. Elle est d\u00e9clin\u00e9e en trois coloris\u00a0: orange, gris clair ou gris fonc\u00e9. <\/p>\n","protected":false},"excerpt":{"rendered":"Nothing a d\u00e9voil\u00e9 sa nouvelle montre accessible, la CMF Watch\u00a03 Pro, qui profite d\u2019un GPS am\u00e9lior\u00e9 et de&hellip;\n","protected":false},"author":2,"featured_media":266632,"comment_status":"","ping_status":"","sticky":false,"template":"","format":"standard","meta":{"footnotes":""},"categories":[7],"tags":[1011,27,40608,14357,43,40,41,39,42,44],"class_list":{"0":"post-266631","1":"post","2":"type-post","3":"status-publish","4":"format-standard","5":"has-post-thumbnail","7":"category-sciences-et-technologies","8":"tag-fr","9":"tag-france","10":"tag-nothing-cmf-watch-3-pro","11":"tag-officialisation","12":"tag-science","13":"tag-science-and-technology","14":"tag-sciences","15":"tag-sciences-et-technologies","16":"tag-technologies","17":"tag-technology"},"share_on_mastodon":{"url":"https:\/\/pubeurope.com\/@fr\/114899225578791955","error":""},"_links":{"self":[{"href":"https:\/\/www.europesays.com\/fr\/wp-json\/wp\/v2\/posts\/266631","targetHints":{"allow":["GET"]}}],"collection":[{"href":"https:\/\/www.europesays.com\/fr\/wp-json\/wp\/v2\/posts"}],"about":[{"href":"https:\/\/www.europesays.com\/fr\/wp-json\/wp\/v2\/types\/post"}],"author":[{"embeddable":true,"href":"https:\/\/www.europesays.com\/fr\/wp-json\/wp\/v2\/users\/2"}],"replies":[{"embeddable":true,"href":"https:\/\/www.europesays.com\/fr\/wp-json\/wp\/v2\/comments?post=266631"}],"version-history":[{"count":0,"href":"https:\/\/www.europesays.com\/fr\/wp-json\/wp\/v2\/posts\/266631\/revisions"}],"wp:featuredmedia":[{"embeddable":true,"href":"https:\/\/www.europesays.com\/fr\/wp-json\/wp\/v2\/media\/266632"}],"wp:attachment":[{"href":"https:\/\/www.europesays.com\/fr\/wp-json\/wp\/v2\/media?parent=266631"}],"wp:term":[{"taxonomy":"category","embeddable":true,"href":"https:\/\/www.europesays.com\/fr\/wp-json\/wp\/v2\/categories?post=266631"},{"taxonomy":"post_tag","embeddable":true,"href":"https:\/\/www.europesays.com\/fr\/wp-json\/wp\/v2\/tags?post=266631"}],"curies":[{"name":"wp","href":"https:\/\/api.w.org\/{rel}","templated":true}]}}