{"id":266635,"date":"2025-07-22T22:24:12","date_gmt":"2025-07-22T22:24:12","guid":{"rendered":"https:\/\/www.europesays.com\/fr\/266635\/"},"modified":"2025-07-22T22:24:12","modified_gmt":"2025-07-22T22:24:12","slug":"trump-pilonne-obama-dans-lespoir-de-desamorcer-la-polemique-epstein-22-07-2025-a-2153","status":"publish","type":"post","link":"https:\/\/www.europesays.com\/fr\/266635\/","title":{"rendered":"Trump pilonne Obama dans l&rsquo;espoir de d\u00e9samorcer la pol\u00e9mique Epstein &#8211; 22\/07\/2025 \u00e0 21:53"},"content":{"rendered":"<p>        <img fetchpriority=\"high\" decoding=\"async\" src=\"https:\/\/www.europesays.com\/fr\/wp-content\/uploads\/2025\/07\/17d00f71e61481616051957d5819072f-760x506.jpg\" alt=\"Le num\u00e9ro deux du minist\u00e8re am\u00e9ricain de la Justice, Todd Blanche, lors d'une conf\u00e9rence de presse au c\u00f4t\u00e9 de Donald Trump \u00e0 la Maison Blanche, \u00e0 Washington, le 27 juin 2025 ( AFP \/ ANDREW CABALLERO-REYNOLDS )\" loading=\"eager\" width=\"760\" height=\"506\" style=\"max-width: 100%!important; height: auto;\"\/><\/p>\n<p class=\"c-image-news__legend\">Le num\u00e9ro deux du minist\u00e8re am\u00e9ricain de la Justice, Todd Blanche, lors d&rsquo;une conf\u00e9rence de presse au c\u00f4t\u00e9 de Donald Trump \u00e0 la Maison Blanche, \u00e0 Washington, le 27 juin 2025 ( AFP \/ ANDREW CABALLERO-REYNOLDS )<\/p>\n<p>\n Emp\u00eatr\u00e9 dans l&rsquo;affaire Epstein, Donald Trump essaie de rediriger la frustration de ses partisans et l&rsquo;attention m\u00e9diatique vers Barack Obama, qu&rsquo;il est all\u00e9 jusqu&rsquo;\u00e0 accuser de \u00ab\u00a0trahison\u00a0\u00bb mardi.\n<\/p>\n<p>\n Alors qu&rsquo;il recevait le pr\u00e9sident philippin dans le Bureau ovale, le dirigeant r\u00e9publicain a \u00e9t\u00e9 interrog\u00e9 sur le dernier rebondissement du dossier ultra-sensible de Jeffrey Epstein, riche financier mort en cellule en 2019 avant son proc\u00e8s pour crimes sexuels.\n<\/p>\n<p>\n Le minist\u00e8re de la Justice a annonc\u00e9 mardi vouloir interroger Ghislaine Maxwell, ex-compagne et complice du d\u00e9linquant sexuel au carnet d&rsquo;adresses foisonnant, avec lequel Donald Trump a entretenu des relations amicales.\n<\/p>\n<p>\n Le pr\u00e9sident am\u00e9ricain a assur\u00e9 qu&rsquo;il n&rsquo;\u00e9tait pas au courant de cette initiative et que de toute fa\u00e7on il \u00ab\u00a0ne suivait pas cela de tr\u00e8s pr\u00e8s\u00a0\u00bb, lui que certains partisans accusent de ne pas faire toute la lumi\u00e8re sur les agissements de Jeffrey Epstein.\n<\/p>\n<p>\n Le milliardaire s&rsquo;est ensuite lanc\u00e9 dans des diatribes virulentes contre l&rsquo;ancien pr\u00e9sident d\u00e9mocrate Barack Obama (2009-2017), selon lui \u00ab\u00a0coupable\u00a0\u00bb de \u00ab\u00a0trahison\u00a0\u00bb.\n<\/p>\n<p> &#8211; \u00ab\u00a0Chef de gang\u00a0\u00bb &#8211;<\/p>\n<p>\n Il l&rsquo;a d\u00e9peint en \u00ab\u00a0chef de gang\u00a0\u00bb qui \u00ab\u00a0tentait de monter un coup d&rsquo;Etat\u00a0\u00bb. \u00ab\u00a0Voil\u00e0 ce dont vous devriez r\u00e9ellement parler\u00a0\u00bb, a lanc\u00e9 le pr\u00e9sident r\u00e9publicain aux journalistes, apr\u00e8s avoir accabl\u00e9 la presse de critiques.\n<\/p>\n<p>\n \u00ab\u00a0Par respect pour la fonction pr\u00e9sidentielle, nous ne r\u00e9pondons pas d&rsquo;ordinaire au flot constant d&rsquo;absurdit\u00e9 et de d\u00e9sinformation provenant de la Maison Blanche. Mais ces d\u00e9clarations sont suffisamment scandaleuses pour m\u00e9riter une r\u00e9ponse. Ces all\u00e9gations saugrenues sont ridicules et constituent une pauvre tentative de d\u00e9tourner l&rsquo;attention\u00a0\u00bb, a comment\u00e9 Patrick Rodenbush, porte-parole de Barack Obama, dans un communiqu\u00e9.\n<\/p>\n<p>\n Le milliardaire a qualifi\u00e9 le regain d&rsquo;int\u00e9r\u00eat pour l&rsquo;affaire Epstein de \u00ab\u00a0suite de la chasse aux sorci\u00e8res\u00a0\u00bb dont il se dit victime de la part de ses opposants politiques, lui qui a \u00e9t\u00e9 condamn\u00e9 une fois et plusieurs fois poursuivi au p\u00e9nal.\n<\/p>\n<p>\n La directrice du renseignement national Tulsi Gabbard avait publi\u00e9 vendredi un rapport accusant Barack Obama et son entourage de \u00ab\u00a0complot\u00a0\u00bb en lien avec les accusations d&rsquo;ing\u00e9rence russe dans la campagne de 2016, qui a port\u00e9 Donald Trump \u00e0 la Maison Blanche.\n<\/p>\n<p>\n Le r\u00e9publicain a toujours rejet\u00e9 les conclusions des services de renseignement am\u00e9ricains, selon lesquels Moscou a oeuvr\u00e9 pour favoriser sa premi\u00e8re \u00e9lection. Mais ses attaques ont redoubl\u00e9 d&rsquo;ardeur ces derniers jours.\n<\/p>\n<p>\n Elles \u00ab\u00a0participent d&rsquo;une volont\u00e9 de d\u00e9tourner l&rsquo;attention\u00a0\u00bb et de \u00ab\u00a0pr\u00e9senter le pr\u00e9sident comme victime d&rsquo;un complot d\u00e9mocrate. Si Trump arrive \u00e0 faire d\u00e9coller cette id\u00e9e, alors il peut l&rsquo;appliquer au cas Epstein\u00a0\u00bb et rallier sa base, sensible \u00e0 cette rh\u00e9torique de pers\u00e9cution, d\u00e9crypte pour l&rsquo;AFP Todd Belt, professeur de sciences politiques \u00e0 l&rsquo;universit\u00e9 George Washington.\n<\/p>\n<p>\n Dimanche, Donald Trump avait diffus\u00e9 sur son r\u00e9seau Truth Social une vid\u00e9o vraisemblablement g\u00e9n\u00e9r\u00e9e par intelligence artificielle, montrant le premier pr\u00e9sident noir des Etats-Unis \u00eatre arr\u00eat\u00e9 dans le Bureau ovale par des agents du FBI.\n<\/p>\n<p>\n \u00ab\u00a0Apr\u00e8s ce qu&rsquo;ils m&rsquo;ont fait, et que ce soit bien ou pas, il est temps de traquer des gens\u00a0\u00bb, a dit le pr\u00e9sident r\u00e9publicain mardi.\n<\/p>\n<p> &#8211; Col\u00e8re &#8211;<\/p>\n<p>\n L&rsquo;affaire Epstein a rebondi le 7 juillet quand le gouvernement am\u00e9ricain a dit ne pas avoir de preuve de l&rsquo;existence d&rsquo;une liste secr\u00e8te de clients du riche financier.\n<\/p>\n<p>\n Cela a suscit\u00e9 la col\u00e8re de figures du mouvement \u00ab\u00a0Maga\u00a0\u00bb de Donald Trump, persuad\u00e9es depuis des ann\u00e9es que les autorit\u00e9s prot\u00e8gent des personnalit\u00e9s de premier plan li\u00e9es \u00e0 Jeffrey Epstein.\n<\/p>\n<p>\n Pour tenter de les apaiser, le minist\u00e8re de la Justice se tourne donc vers Ghislaine Maxwell, condamn\u00e9e en 2022 \u00e0 20 ans de prison pour trafic sexuel.\n<\/p>\n<p>\n \u00ab\u00a0Si Ghislaine Maxwell a des informations sur toute personne qui a commis des crimes ou des d\u00e9lits sur des victimes, le FBI et le minist\u00e8re de la Justice \u00e9coutera ce qu&rsquo;elle a \u00e0 dire\u00a0\u00bb, a promis dans un communiqu\u00e9 Todd Blanche, num\u00e9ro deux du minist\u00e8re, qui la rencontrera dans sa prison de Floride \u00ab\u00a0dans les prochains jours\u00a0\u00bb.\n<\/p>\n<p>\n Dans un sondage YouGov\/The Economist rendu public mardi, 56% des personnes interrog\u00e9es critiquent la mani\u00e8re dont Donald Trump g\u00e8re l&rsquo;affaire Epstein, 22% l&rsquo;approuvent et 22% n&rsquo;ont pas d&rsquo;opinion.\n<\/p>\n<p>\n Parmi les seuls \u00e9lecteurs r\u00e9publicains, 45% sont satisfaits de la mani\u00e8re dont le r\u00e9sident r\u00e9publicain m\u00e8ne ce dossier, 30% se disent ind\u00e9cis et 25% m\u00e9contents.<\/p>\n","protected":false},"excerpt":{"rendered":"Le num\u00e9ro deux du minist\u00e8re am\u00e9ricain de la Justice, Todd Blanche, lors d&rsquo;une conf\u00e9rence de presse au c\u00f4t\u00e9&hellip;\n","protected":false},"author":2,"featured_media":266636,"comment_status":"","ping_status":"","sticky":false,"template":"","format":"standard","meta":{"footnotes":""},"categories":[5],"tags":[400,11,398,408,405,1011,27,403,14,402,399,404,12,401,406,407,28],"class_list":{"0":"post-266635","1":"post","2":"type-post","3":"status-publish","4":"format-standard","5":"has-post-thumbnail","7":"category-international","8":"tag-action-cac-40","9":"tag-actualites","10":"tag-bourse-de-paris","11":"tag-boursorama","12":"tag-cotations","13":"tag-fr","14":"tag-france","15":"tag-indices-devises","16":"tag-international","17":"tag-investir","18":"tag-investissement","19":"tag-marche-boursier","20":"tag-news","21":"tag-sicav","22":"tag-trackers","23":"tag-warrants","24":"tag-world"},"share_on_mastodon":{"url":"https:\/\/pubeurope.com\/@fr\/114899233320634321","error":""},"_links":{"self":[{"href":"https:\/\/www.europesays.com\/fr\/wp-json\/wp\/v2\/posts\/266635","targetHints":{"allow":["GET"]}}],"collection":[{"href":"https:\/\/www.europesays.com\/fr\/wp-json\/wp\/v2\/posts"}],"about":[{"href":"https:\/\/www.europesays.com\/fr\/wp-json\/wp\/v2\/types\/post"}],"author":[{"embeddable":true,"href":"https:\/\/www.europesays.com\/fr\/wp-json\/wp\/v2\/users\/2"}],"replies":[{"embeddable":true,"href":"https:\/\/www.europesays.com\/fr\/wp-json\/wp\/v2\/comments?post=266635"}],"version-history":[{"count":0,"href":"https:\/\/www.europesays.com\/fr\/wp-json\/wp\/v2\/posts\/266635\/revisions"}],"wp:featuredmedia":[{"embeddable":true,"href":"https:\/\/www.europesays.com\/fr\/wp-json\/wp\/v2\/media\/266636"}],"wp:attachment":[{"href":"https:\/\/www.europesays.com\/fr\/wp-json\/wp\/v2\/media?parent=266635"}],"wp:term":[{"taxonomy":"category","embeddable":true,"href":"https:\/\/www.europesays.com\/fr\/wp-json\/wp\/v2\/categories?post=266635"},{"taxonomy":"post_tag","embeddable":true,"href":"https:\/\/www.europesays.com\/fr\/wp-json\/wp\/v2\/tags?post=266635"}],"curies":[{"name":"wp","href":"https:\/\/api.w.org\/{rel}","templated":true}]}}