{"id":266640,"date":"2025-07-22T22:29:21","date_gmt":"2025-07-22T22:29:21","guid":{"rendered":"https:\/\/www.europesays.com\/fr\/266640\/"},"modified":"2025-07-22T22:29:21","modified_gmt":"2025-07-22T22:29:21","slug":"meteo-des-orages-forts-vont-frapper-la-loire-et-le-massif-central-les-zones-a-risques","status":"publish","type":"post","link":"https:\/\/www.europesays.com\/fr\/266640\/","title":{"rendered":"M\u00e9t\u00e9o. Des orages forts vont frapper la Loire et le Massif central : les zones \u00e0 risques"},"content":{"rendered":"<p>            Par<br \/>\n        <strong><br \/>\n            <a href=\"https:\/\/actu.fr\/auteur\/redaction-saint-etienne\" title=\"Consulter tous les articles de R\u00e9daction Saint-\u00c9tienne\" rel=\"nofollow noopener\" target=\"_blank\">R\u00e9daction Saint-\u00c9tienne<\/a><br \/>\n        <\/strong><\/p>\n<p>        Publi\u00e9 le<\/p>\n<p>            22 juil. 2025 \u00e0 17h31        <\/p>\n<p>M\u00e9t\u00e9o France \u00e9met un bulletin de vigilance jaune aux <a href=\"https:\/\/actu.fr\/meteo\/des-orages-virulents-vont-balayer-la-france-mercredi-departements-vigilance-orange-presque-tout-le-pays-en-vigilance-jaune_62941167.html\" rel=\"nofollow noopener\" target=\"_blank\">orages<\/a> sur la quasi-totalit\u00e9 du territoire, dont la <a href=\"https:\/\/actu.fr\/saint-etienne\/\" rel=\"nofollow noopener\" target=\"_blank\">Loire<\/a>, le <a href=\"https:\/\/actu.fr\/auvergne-rhone-alpes\/lyon_69123\/lyon-des-orages-de-grele-violents-annonces-dans-le-rhone-voici-les-secteurs-concernes_62933786.html\" rel=\"nofollow noopener\" target=\"_blank\">Rh\u00f4ne<\/a> ou le <a href=\"https:\/\/actu.fr\/auvergne-rhone-alpes\/puy-de-dome_63\" rel=\"nofollow noopener\" target=\"_blank\">Puy-de-D\u00f4me<\/a>, ce mercredi 23\u00a0juillet 2025. \u00ab\u00a0Dans l\u2019apr\u00e8s-midi, le ciel s\u2019ennuagera et restera couvert avec un risque d\u2019averses parfois orageuses localement.\u00a0\u00bb Le vent devrait souffler jusqu\u2019\u00e0 45\u00a0km\/h\u00a0\u00bb, pr\u00e9vient M\u00e9t\u00e9o Loire.<\/p>\n<p class=\" wall-content\">\u00ab\u2009Les orages sont parfois bien pluvieux sur une bonne partie du pays\u2009\u00bb, note M\u00e9t\u00e9o France.<\/p>\n<p>Des orages mercredi et jeudi<\/p>\n<p class=\" wall-content\">Selon Keraunos, observatoire fran\u00e7ais des orages, ce mercredi, le temps se d\u00e9grade avec l\u2019arriv\u00e9e d\u2019une perturbation orageuse par l\u2019ouest, elle circule lentement vers l\u2019est et s\u2019accompagne de pluies soutenues et participe au net rafra\u00eechissement, surtout en Occitanie.<\/p>\n<p><a class=\"jo-module-caroussel__img-container\" href=\"https:\/\/static.actu.fr\/uploads\/2025\/07\/prevision-orages-tornades-probabilite-orage-j1-7.png\" title=\"Agrandir la photo La probabilit\u00e9 d\u2019orages est mod\u00e9r\u00e9e dans la r\u00e9gion Auvergne-Rh\u00f4ne-Alpes.&#010; (\u00a9 Carte Keraunos)\" data-idx=\"1\" rel=\"nofollow noopener\" target=\"_blank\"><br \/>\n    <img decoding=\"async\" class=\"jo-module-caroussel__img\" loading=\"lazy\" src=\"https:\/\/www.europesays.com\/fr\/wp-content\/uploads\/2025\/07\/prevision-orages-tornades-probabilite-orage-j1-7-640x427.png\" alt=\"La probabilit\u00e9 d\u2019orages est mod\u00e9r\u00e9e dans la r\u00e9gion Auvergne-Rh\u00f4ne-Alpes.&#10; (\u00a9 Carte Keraunos)\" width=\"640\" height=\"427\"\/><\/a><\/p>\n<p class=\" wall-content\">Le risque orageux en lien avec un talweg d\u2019altitude sera pr\u00e9sent demain quasiment partout. Averses orageuses et orages se multiplieront en cours de journ\u00e9e avec parfois de bonnes intensit\u00e9s pluvieuses. Le plus gros risque concerne l\u2019axe Pyr\u00e9n\u00e9es-Massif Central-Alpes\/Jura.<\/p>\n<p class=\" wall-content\">Ces orages pourront aussi parfois s\u2019accompagner de chutes de gr\u00eale abondantes de relativement petite taille et de rafales de vent localis\u00e9es \u00e0 plus de 80\u00a0km\/h.<\/p>\n<p>Un jeudi tr\u00e8s mitig\u00e9 sur le Massif central<\/p>\n<p class=\" wall-content\">Le jeudi 24\u00a0juillet, la journ\u00e9e sera tr\u00e8s mitig\u00e9e avec encore de l\u2019instabilit\u00e9 sous forme d\u2019averses parfois orageuses du nord-est au centre-est ainsi que sur le Massif Central.<\/p>\n<p><a class=\"jo-module-caroussel__img-container\" href=\"https:\/\/static.actu.fr\/uploads\/2025\/07\/prevision-orages-tornades-probabilite-orage-j2-4.png\" title=\"Agrandir la photo Jeudi, le thalweg d\u2019altitude viendra s\u2019\u00e9tirer sur l\u2019ensemble du pays. Une instabilit\u00e9 r\u00e9siduelle devrait persister dans l\u2019axe du thalweg et sur son flanc oriental, avec des d\u00e9clenchements orageux \u00e9pisodiques des Pyr\u00e9n\u00e9es \u00e0 la Lorraine, ainsi que sur les Alpes. (\u00a9 Carte Keraunos)\" data-idx=\"1\" rel=\"nofollow noopener\" target=\"_blank\"><br \/>\n    <img decoding=\"async\" class=\"jo-module-caroussel__img\" loading=\"lazy\" src=\"https:\/\/www.europesays.com\/fr\/wp-content\/uploads\/2025\/07\/prevision-orages-tornades-probabilite-orage-j2-4-640x427.png\" alt=\"Jeudi, le thalweg d\u2019altitude viendra s\u2019\u00e9tirer sur l\u2019ensemble du pays. Une instabilit\u00e9 r\u00e9siduelle devrait persister dans l\u2019axe du thalweg et sur son flanc oriental, avec des d\u00e9clenchements orageux \u00e9pisodiques des Pyr\u00e9n\u00e9es \u00e0 la Lorraine, ainsi que sur les Alpes. (\u00a9 Carte Keraunos)\" width=\"640\" height=\"427\"\/><\/a><\/p>\n<p class=\" wall-content\">Le vendredi 25\u00a0juillet, le temps est de nouveau instable sur une moiti\u00e9 est du pays avec des risques d\u2019averses bien qu\u2019en recul par rapport \u00e0 la veille.<\/p>\n<p class=\" wall-content\">\u00c0 partir de vendredi apr\u00e8s-midi, les temp\u00e9ratures remonteront un peu, mais la chaleur restera mod\u00e9r\u00e9e sous l\u2019influence des vents de nord-ouest. Dans le Sud-Est, le mistral et la tramontane continueront de souffler, maintenant un niveau de danger de feu de for\u00eat \u00e9lev\u00e9<\/p>\n<p class=\" wall-content\">Suivez toute l\u2019actualit\u00e9 de vos villes et m\u00e9dias favoris en vous inscrivant \u00e0 <a href=\"https:\/\/moncompte.actu.fr\" title=\"D\u00e9couvez Mon Actu\" rel=\"nofollow noopener\" data-trk=\"{&quot;cta&quot;:{&quot;action&quot;:&quot;https:\\\/\\\/moncompte.actu.fr&quot;,&quot;category&quot;:&quot;mon compte&quot;,&quot;from&quot;:&quot;article footer&quot;,&quot;name&quot;:&quot;Mon actu&quot;,&quot;type&quot;:&quot;cta&quot;}}\" target=\"_blank\">Mon Actu<\/a>.<\/p>\n","protected":false},"excerpt":{"rendered":"Par R\u00e9daction Saint-\u00c9tienne Publi\u00e9 le 22 juil. 2025 \u00e0 17h31 M\u00e9t\u00e9o France \u00e9met un bulletin de vigilance jaune&hellip;\n","protected":false},"author":2,"featured_media":266641,"comment_status":"","ping_status":"","sticky":false,"template":"","format":"standard","meta":{"footnotes":""},"categories":[9653],"tags":[1111,11,2430,1777,674,1011,27,2487,2357,12,4594,25,4001],"class_list":{"0":"post-266640","1":"post","2":"type-post","3":"status-publish","4":"format-standard","5":"has-post-thumbnail","7":"category-saint-etienne","8":"tag-actu","9":"tag-actualites","10":"tag-auvergne-rhone-alpes","11":"tag-eu","12":"tag-europe","13":"tag-fr","14":"tag-france","15":"tag-meteo","16":"tag-meteo-france","17":"tag-news","18":"tag-orages","19":"tag-republique-francaise","20":"tag-saint-etienne"},"share_on_mastodon":{"url":"https:\/\/pubeurope.com\/@fr\/114899252935106773","error":""},"_links":{"self":[{"href":"https:\/\/www.europesays.com\/fr\/wp-json\/wp\/v2\/posts\/266640","targetHints":{"allow":["GET"]}}],"collection":[{"href":"https:\/\/www.europesays.com\/fr\/wp-json\/wp\/v2\/posts"}],"about":[{"href":"https:\/\/www.europesays.com\/fr\/wp-json\/wp\/v2\/types\/post"}],"author":[{"embeddable":true,"href":"https:\/\/www.europesays.com\/fr\/wp-json\/wp\/v2\/users\/2"}],"replies":[{"embeddable":true,"href":"https:\/\/www.europesays.com\/fr\/wp-json\/wp\/v2\/comments?post=266640"}],"version-history":[{"count":0,"href":"https:\/\/www.europesays.com\/fr\/wp-json\/wp\/v2\/posts\/266640\/revisions"}],"wp:featuredmedia":[{"embeddable":true,"href":"https:\/\/www.europesays.com\/fr\/wp-json\/wp\/v2\/media\/266641"}],"wp:attachment":[{"href":"https:\/\/www.europesays.com\/fr\/wp-json\/wp\/v2\/media?parent=266640"}],"wp:term":[{"taxonomy":"category","embeddable":true,"href":"https:\/\/www.europesays.com\/fr\/wp-json\/wp\/v2\/categories?post=266640"},{"taxonomy":"post_tag","embeddable":true,"href":"https:\/\/www.europesays.com\/fr\/wp-json\/wp\/v2\/tags?post=266640"}],"curies":[{"name":"wp","href":"https:\/\/api.w.org\/{rel}","templated":true}]}}