{"id":266648,"date":"2025-07-22T22:33:10","date_gmt":"2025-07-22T22:33:10","guid":{"rendered":"https:\/\/www.europesays.com\/fr\/266648\/"},"modified":"2025-07-22T22:33:10","modified_gmt":"2025-07-22T22:33:10","slug":"fabrice-nedellec-figure-des-gilets-jaunes-sest-eteint-a-68-ans","status":"publish","type":"post","link":"https:\/\/www.europesays.com\/fr\/266648\/","title":{"rendered":"Fabrice Nedellec, figure des Gilets jaunes, s\u2019est \u00e9teint \u00e0 68 ans"},"content":{"rendered":"\n<p>Il \u00e9tait en premi\u00e8re ligne pour d\u00e9fendre la justice sociale. Pr\u00e9sent sur la liste Toulon en commun (TEC) pour les \u00e9lections municipales de 2020 en tant que repr\u00e9sentant des Gilets jaunes, Fabrice Nedellec a rendu les armes, vendredi, \u00e0 l\u2019\u00e2ge de 68\u00a0ans. \u00ab\u00a0Fabrice a trouv\u00e9 \u00e0 TEC une dynamique qui lui correspondait, il a fait partie des premiers compagnons de route\u00a0\u00bb, retrace Magali Brunel, t\u00eate de liste TEC pour 2026, qui salue \u00ab\u00a0une personne discr\u00e8te, mais tr\u00e8s attentive. Il se d\u00e9pla\u00e7ait en fauteuil et alertait sur les difficult\u00e9s li\u00e9es au handicap\u00a0\u00bb.<\/p>\n<p>Un fauteuil qui ne l\u2019a jamais emp\u00each\u00e9 \u00ab\u00a0d\u2019\u00eatre de toutes les manifestations, jusqu\u2019\u00e0 Paris, toujours devant les CRS et les gazeuses. Il riait de son handicap et disait que la police ne pouvait pas l\u2019arr\u00eater gr\u00e2ce au fauteuil. Il se mettait en protection des autres\u00a0\u00bb, se souvient Sylviane Bazin, membre de Toulon en commun, tr\u00e8s proche de Fabrice Nedellec, dont elle \u00e9tait personne r\u00e9f\u00e9rente. \u00ab\u00a0Il n\u2019\u00e9tait pas dans le besoin, il se battait pour les autres. Il \u00e9tait serviable, g\u00e9n\u00e9reux, optimiste. Il faisait plus de choses en fauteuil que les valides, c\u2019est la personne la plus courageuse que j\u2019ai connue.\u00a0\u00bb<\/p>\n<p>Une c\u00e9r\u00e9monie aura lieu, le 29\u00a0juillet \u00e0 10h, au cr\u00e9matorium de la Seyne-sur-Mer. L\u2019occasion pour les Gilets jaunes et TEC de lui rendre un dernier hommage.<\/p>\n","protected":false},"excerpt":{"rendered":"Il \u00e9tait en premi\u00e8re ligne pour d\u00e9fendre la justice sociale. Pr\u00e9sent sur la liste Toulon en commun (TEC)&hellip;\n","protected":false},"author":2,"featured_media":266649,"comment_status":"","ping_status":"","sticky":false,"template":"","format":"standard","meta":{"footnotes":""},"categories":[9619],"tags":[1111,11,12125,1777,674,1011,27,12,882,25,2310],"class_list":{"0":"post-266648","1":"post","2":"type-post","3":"status-publish","4":"format-standard","5":"has-post-thumbnail","7":"category-toulon","8":"tag-actu","9":"tag-actualites","10":"tag-adam-benhammouda","11":"tag-eu","12":"tag-europe","13":"tag-fr","14":"tag-france","15":"tag-news","16":"tag-provence-alpes-cote-dazur","17":"tag-republique-francaise","18":"tag-toulon"},"share_on_mastodon":{"url":"https:\/\/pubeurope.com\/@fr\/114899268599989023","error":""},"_links":{"self":[{"href":"https:\/\/www.europesays.com\/fr\/wp-json\/wp\/v2\/posts\/266648","targetHints":{"allow":["GET"]}}],"collection":[{"href":"https:\/\/www.europesays.com\/fr\/wp-json\/wp\/v2\/posts"}],"about":[{"href":"https:\/\/www.europesays.com\/fr\/wp-json\/wp\/v2\/types\/post"}],"author":[{"embeddable":true,"href":"https:\/\/www.europesays.com\/fr\/wp-json\/wp\/v2\/users\/2"}],"replies":[{"embeddable":true,"href":"https:\/\/www.europesays.com\/fr\/wp-json\/wp\/v2\/comments?post=266648"}],"version-history":[{"count":0,"href":"https:\/\/www.europesays.com\/fr\/wp-json\/wp\/v2\/posts\/266648\/revisions"}],"wp:featuredmedia":[{"embeddable":true,"href":"https:\/\/www.europesays.com\/fr\/wp-json\/wp\/v2\/media\/266649"}],"wp:attachment":[{"href":"https:\/\/www.europesays.com\/fr\/wp-json\/wp\/v2\/media?parent=266648"}],"wp:term":[{"taxonomy":"category","embeddable":true,"href":"https:\/\/www.europesays.com\/fr\/wp-json\/wp\/v2\/categories?post=266648"},{"taxonomy":"post_tag","embeddable":true,"href":"https:\/\/www.europesays.com\/fr\/wp-json\/wp\/v2\/tags?post=266648"}],"curies":[{"name":"wp","href":"https:\/\/api.w.org\/{rel}","templated":true}]}}