{"id":26665,"date":"2025-04-15T13:54:07","date_gmt":"2025-04-15T13:54:07","guid":{"rendered":"https:\/\/www.europesays.com\/fr\/26665\/"},"modified":"2025-04-15T13:54:07","modified_gmt":"2025-04-15T13:54:07","slug":"une-nouvelle-ligne-va-relier-nice-a-cette-grande-capitale-europeenne","status":"publish","type":"post","link":"https:\/\/www.europesays.com\/fr\/26665\/","title":{"rendered":"une nouvelle ligne va relier Nice \u00e0 cette grande capitale europ\u00e9enne"},"content":{"rendered":"<p>            Par<br \/>\n        <strong><br \/>\n            <a href=\"https:\/\/actu.fr\/auteur\/manon-reinhardt\" title=\"Consulter tous les articles de Manon Reinhardt\" rel=\"nofollow noopener\" target=\"_blank\">Manon Reinhardt<\/a><br \/>\n        <\/strong><\/p>\n<p>        Publi\u00e9 le<\/p>\n<p>            15 avr. 2025 \u00e0 15h25        <\/p>\n<p>C\u2019est tout nouveau ! D\u00e8s ce jeudi 17 avril 2025, une nouvelle ligne de la compagnie AnimaWings va proposer une liaison directe vers <strong>Bucarest<\/strong>, capitale roumaine, depuis l\u2019a\u00e9roport de <a href=\"https:\/\/actu.fr\/provence-alpes-cote-d-azur\/nice_06088\" rel=\"nofollow noopener\" target=\"_blank\">Nice<\/a> (<a href=\"https:\/\/actu.fr\/provence-alpes-cote-d-azur\/alpes-maritimes_06\" rel=\"nofollow noopener\" target=\"_blank\">Alpes-Maritimes<\/a>).<\/p>\n<p class=\" wall-content\">Deux vols par semaine sont pr\u00e9vus tout l\u2019\u00e9t\u00e9.<\/p>\n<p>\u00c0 partir de 85 euros<\/p>\n<p class=\" wall-content\">Elle sera inaugur\u00e9e ce jeudi midi. Une nouvelle ligne directe ouvre entre la capitale azur\u00e9enne et Bucarest. C\u2019est la compagnie AnimaWings, lanc\u00e9e il y a cinq ans \u00e0 peine, qui l\u2019op\u00e8re avec un Airbus A220. <strong>Deux trajets par semaine<\/strong> vont \u00eatre propos\u00e9s tout l\u2019\u00e9t\u00e9, jusqu\u2019au 23 octobre.\u00a0<\/p>\n<p class=\" wall-content\">Les vols sont pr\u00e9vus les jeudis et les dimanches, et uniquement les jeudis en avril. Les billets sont vendus entre 85 euros et 189 euros, selon la p\u00e9riode. Ils sont d\u2019ores et d\u00e9j\u00e0 disponibles \u00e0 la vente sur <a href=\"https:\/\/book.animawings.com\/ibe\/availability?tripType=ROUND_TRIP&amp;depPort=NCE&amp;arrPort=OTP&amp;departureDate=10.07.2025&amp;returnDate=17.07.2025&amp;passengerQuantities%5B0%5D%5BpassengerType%5D=ADLT&amp;passengerQuantities%5B0%5D%5BpassengerSubType%5D=&amp;passengerQuantities%5B0%5D%5Bquantity%5D=1&amp;passengerQuantities%5B1%5D%5BpassengerType%5D=CHLD&amp;passengerQuantities%5B1%5D%5BpassengerSubType%5D=&amp;passengerQuantities%5B1%5D%5Bquantity%5D=0&amp;passengerQuantities%5B2%5D%5BpassengerType%5D=INFT&amp;passengerQuantities%5B2%5D%5BpassengerSubType%5D=&amp;passengerQuantities%5B2%5D%5Bquantity%5D=0&amp;currency=EUR&amp;cabinClass=&amp;lang=en&amp;nationality=&amp;promoCode=&amp;accountCode=&amp;affiliateCode=&amp;clickId=&amp;withCalendar=false&amp;isMobileCalendar=&amp;market=&amp;isFFPoint=&amp;_ga=\" rel=\"nofollow noopener\" target=\"_blank\">leur site internet<\/a>.\u00a0<\/p>\n<p class=\" wall-content\"><a href=\"https:\/\/www.instagram.com\/p\/C7giKzeMppl\/embed\" title=\"Ouvrir le lien sur Instagram\" rel=\"nofollow noopener\" target=\"_blank\">Visualiser le contenu sur Instagram<\/a><\/p>\n<p>Plus besoin du passeport<\/p>\n<p class=\" wall-content\">\u00c0 noter que vous n\u2019avez plus besoin de pr\u00e9senter un passeport pour vous rendre en Roumanie. Depuis le 1er janvier 2025, le pays a rejoint, avec la Bulgarie, <a href=\"https:\/\/sgae.gouv.fr\/sites\/SGAE\/accueil\/a-propos-du-sgae\/actualites\/laviez-vous-note--la-roumanie-et.html\" rel=\"nofollow noopener\" target=\"_blank\">l\u2019espace Schengen<\/a>. Une carte nationale d\u2019identit\u00e9 suffit d\u00e9sormais pour voyager.<\/p>\n<p>Vid\u00e9os : en ce moment sur Actu<\/p>\n<p class=\" wall-content\">Suivez toute l\u2019actualit\u00e9 de vos villes et m\u00e9dias favoris en vous inscrivant \u00e0 <a href=\"https:\/\/moncompte.actu.fr\" title=\"D\u00e9couvez Mon Actu\" rel=\"nofollow noopener\" data-trk=\"{&quot;cta&quot;:{&quot;action&quot;:&quot;https:\\\/\\\/moncompte.actu.fr&quot;,&quot;category&quot;:&quot;mon compte&quot;,&quot;from&quot;:&quot;article footer&quot;,&quot;name&quot;:&quot;Mon actu&quot;,&quot;type&quot;:&quot;cta&quot;}}\" target=\"_blank\">Mon Actu<\/a>.<\/p>\n<p>                    <script async src=\"\/\/www.instagram.com\/embed.js\"><\/script><\/p>\n","protected":false},"excerpt":{"rendered":"Par Manon Reinhardt Publi\u00e9 le 15 avr. 2025 \u00e0 15h25 C\u2019est tout nouveau ! D\u00e8s ce jeudi 17&hellip;\n","protected":false},"author":2,"featured_media":26666,"comment_status":"","ping_status":"","sticky":false,"template":"","format":"standard","meta":{"footnotes":""},"categories":[2819],"tags":[1111,11,1777,674,1011,27,12,2401,2897,882,25,104],"class_list":{"0":"post-26665","1":"post","2":"type-post","3":"status-publish","4":"format-standard","5":"has-post-thumbnail","7":"category-nice","8":"tag-actu","9":"tag-actualites","10":"tag-eu","11":"tag-europe","12":"tag-fr","13":"tag-france","14":"tag-news","15":"tag-nice","16":"tag-nice-cote-dazur","17":"tag-provence-alpes-cote-dazur","18":"tag-republique-francaise","19":"tag-societe"},"share_on_mastodon":{"url":"https:\/\/pubeurope.com\/@fr\/114342321437948323","error":""},"_links":{"self":[{"href":"https:\/\/www.europesays.com\/fr\/wp-json\/wp\/v2\/posts\/26665","targetHints":{"allow":["GET"]}}],"collection":[{"href":"https:\/\/www.europesays.com\/fr\/wp-json\/wp\/v2\/posts"}],"about":[{"href":"https:\/\/www.europesays.com\/fr\/wp-json\/wp\/v2\/types\/post"}],"author":[{"embeddable":true,"href":"https:\/\/www.europesays.com\/fr\/wp-json\/wp\/v2\/users\/2"}],"replies":[{"embeddable":true,"href":"https:\/\/www.europesays.com\/fr\/wp-json\/wp\/v2\/comments?post=26665"}],"version-history":[{"count":0,"href":"https:\/\/www.europesays.com\/fr\/wp-json\/wp\/v2\/posts\/26665\/revisions"}],"wp:featuredmedia":[{"embeddable":true,"href":"https:\/\/www.europesays.com\/fr\/wp-json\/wp\/v2\/media\/26666"}],"wp:attachment":[{"href":"https:\/\/www.europesays.com\/fr\/wp-json\/wp\/v2\/media?parent=26665"}],"wp:term":[{"taxonomy":"category","embeddable":true,"href":"https:\/\/www.europesays.com\/fr\/wp-json\/wp\/v2\/categories?post=26665"},{"taxonomy":"post_tag","embeddable":true,"href":"https:\/\/www.europesays.com\/fr\/wp-json\/wp\/v2\/tags?post=26665"}],"curies":[{"name":"wp","href":"https:\/\/api.w.org\/{rel}","templated":true}]}}