{"id":266652,"date":"2025-07-22T22:35:17","date_gmt":"2025-07-22T22:35:17","guid":{"rendered":"https:\/\/www.europesays.com\/fr\/266652\/"},"modified":"2025-07-22T22:35:17","modified_gmt":"2025-07-22T22:35:17","slug":"mercato-montpellier-deux-titulaires-sur-le-depart","status":"publish","type":"post","link":"https:\/\/www.europesays.com\/fr\/266652\/","title":{"rendered":"Mercato &#8211; Montpellier : Deux titulaires sur le d\u00e9part ?"},"content":{"rendered":"<p style=\"text-align: justify;\">\u00c0 quelques semaines de la reprise, <strong>Montpellier<\/strong> n\u2019a pas encore totalement effectu\u00e9 sa mue. Rel\u00e9gu\u00e9 de Ligue 1 en Ligue 2, le club h\u00e9raultais devrait se s\u00e9parer de quelques cadres. D\u2019apr\u00e8s <a href=\"https:\/\/www.lequipe.fr\/\" rel=\"nofollow noopener\" target=\"_blank\">L\u2019\u00c9quipe<\/a>, le gardien de but Benjamin Lecomte (34 ans) a trouv\u00e9 un accord avec le club de Fulham en Premier League, pour y devenir la doublure de Bernd Leno. Selon la m\u00eame source, <strong>Joris Chotard\u00a0<\/strong>pourrait lui retrouver la premi\u00e8re division. Auxerre et Nantes ont fait part d\u2019un int\u00e9r\u00eat pour le joueur. C\u2019est aussi le cas du club belge d\u2019Anderlecht.<\/p>\n<p style=\"text-align: justify;\">\u00c0 lire aussi &gt;&gt;\u00a0<a href=\"https:\/\/maligue2.fr\/2025\/07\/21\/mercato-retour-en-ligue-2-imminent-pour-cyril-mandouki\/\" rel=\"nofollow noopener\" target=\"_blank\">Mercato \u2013 Retour en Ligue 2 imminent pour Cyril Mandouki<\/a><\/p>\n<p style=\"text-align: justify;\">Ces deux potentiels d\u00e9parts pourraient ne pas \u00eatre les seuls. T\u00e9ji Savanier est toujours sur le d\u00e9part apr\u00e8s une saison 2024-2025 houleuse.<\/p>\n<p style=\"text-align: justify;\">Photo \u00a9Alexandre Dimou\/Alexpress\/Icon Sport<\/p>\n","protected":false},"excerpt":{"rendered":"\u00c0 quelques semaines de la reprise, Montpellier n\u2019a pas encore totalement effectu\u00e9 sa mue. Rel\u00e9gu\u00e9 de Ligue 1&hellip;\n","protected":false},"author":2,"featured_media":266653,"comment_status":"","ping_status":"","sticky":false,"template":"","format":"standard","meta":{"footnotes":""},"categories":[9599],"tags":[19086,1111,11,40609,1777,674,1011,27,40610,2208,12,2680,25],"class_list":{"0":"post-266652","1":"post","2":"type-post","3":"status-publish","4":"format-standard","5":"has-post-thumbnail","7":"category-montpellier","8":"tag-alaune2","9":"tag-actu","10":"tag-actualites","11":"tag-benjamin-lecomte","12":"tag-eu","13":"tag-europe","14":"tag-fr","15":"tag-france","16":"tag-joris-chotard","17":"tag-montpellier","18":"tag-news","19":"tag-occitanie","20":"tag-republique-francaise"},"share_on_mastodon":{"url":"https:\/\/pubeurope.com\/@fr\/114899276413148025","error":""},"_links":{"self":[{"href":"https:\/\/www.europesays.com\/fr\/wp-json\/wp\/v2\/posts\/266652","targetHints":{"allow":["GET"]}}],"collection":[{"href":"https:\/\/www.europesays.com\/fr\/wp-json\/wp\/v2\/posts"}],"about":[{"href":"https:\/\/www.europesays.com\/fr\/wp-json\/wp\/v2\/types\/post"}],"author":[{"embeddable":true,"href":"https:\/\/www.europesays.com\/fr\/wp-json\/wp\/v2\/users\/2"}],"replies":[{"embeddable":true,"href":"https:\/\/www.europesays.com\/fr\/wp-json\/wp\/v2\/comments?post=266652"}],"version-history":[{"count":0,"href":"https:\/\/www.europesays.com\/fr\/wp-json\/wp\/v2\/posts\/266652\/revisions"}],"wp:featuredmedia":[{"embeddable":true,"href":"https:\/\/www.europesays.com\/fr\/wp-json\/wp\/v2\/media\/266653"}],"wp:attachment":[{"href":"https:\/\/www.europesays.com\/fr\/wp-json\/wp\/v2\/media?parent=266652"}],"wp:term":[{"taxonomy":"category","embeddable":true,"href":"https:\/\/www.europesays.com\/fr\/wp-json\/wp\/v2\/categories?post=266652"},{"taxonomy":"post_tag","embeddable":true,"href":"https:\/\/www.europesays.com\/fr\/wp-json\/wp\/v2\/tags?post=266652"}],"curies":[{"name":"wp","href":"https:\/\/api.w.org\/{rel}","templated":true}]}}