{"id":266654,"date":"2025-07-22T22:37:10","date_gmt":"2025-07-22T22:37:10","guid":{"rendered":"https:\/\/www.europesays.com\/fr\/266654\/"},"modified":"2025-07-22T22:37:10","modified_gmt":"2025-07-22T22:37:10","slug":"la-circulation-interrompue-dans-le-sens-rouen-abbeville","status":"publish","type":"post","link":"https:\/\/www.europesays.com\/fr\/266654\/","title":{"rendered":"la circulation interrompue dans le sens Rouen \u2013 Abbeville"},"content":{"rendered":"<p>\n\t\t\t\t\t Un incendie de poids lourd a entra\u00een\u00e9 l\u2019interruption compl\u00e8te de la circulation sur l\u2019autoroute A28, dans le sens Rouen vers Abbeville, ce mardi en fin de journ\u00e9e. Le sinistre, survenu peu apr\u00e8s 18h30, <strong>\u00e0 hauteur de Saint-Riquier-en-Rivi\u00e8re,<\/strong> entre Foucarmont et Blangy-sur-Bresle, a n\u00e9cessit\u00e9 l\u2019intervention de 16 sapeurs-pompiers et la mise en place d\u2019une d\u00e9viation par le gestionnaire autoroutier.\n\t\t\t\t <\/p>\n","protected":false},"excerpt":{"rendered":"Un incendie de poids lourd a entra\u00een\u00e9 l\u2019interruption compl\u00e8te de la circulation sur l\u2019autoroute A28, dans le sens&hellip;\n","protected":false},"author":2,"featured_media":266655,"comment_status":"","ping_status":"","sticky":false,"template":"","format":"standard","meta":{"footnotes":""},"categories":[9587],"tags":[1111,11,1777,674,1011,27,1934,12,5161,25,9590,5163],"class_list":{"0":"post-266654","1":"post","2":"type-post","3":"status-publish","4":"format-standard","5":"has-post-thumbnail","7":"category-rouen","8":"tag-actu","9":"tag-actualites","10":"tag-eu","11":"tag-europe","12":"tag-fr","13":"tag-france","14":"tag-infos-locales","15":"tag-news","16":"tag-normandie","17":"tag-republique-francaise","18":"tag-rouen","19":"tag-seine-maritime"},"share_on_mastodon":{"url":"https:\/\/pubeurope.com\/@fr\/114899284360965519","error":""},"_links":{"self":[{"href":"https:\/\/www.europesays.com\/fr\/wp-json\/wp\/v2\/posts\/266654","targetHints":{"allow":["GET"]}}],"collection":[{"href":"https:\/\/www.europesays.com\/fr\/wp-json\/wp\/v2\/posts"}],"about":[{"href":"https:\/\/www.europesays.com\/fr\/wp-json\/wp\/v2\/types\/post"}],"author":[{"embeddable":true,"href":"https:\/\/www.europesays.com\/fr\/wp-json\/wp\/v2\/users\/2"}],"replies":[{"embeddable":true,"href":"https:\/\/www.europesays.com\/fr\/wp-json\/wp\/v2\/comments?post=266654"}],"version-history":[{"count":0,"href":"https:\/\/www.europesays.com\/fr\/wp-json\/wp\/v2\/posts\/266654\/revisions"}],"wp:featuredmedia":[{"embeddable":true,"href":"https:\/\/www.europesays.com\/fr\/wp-json\/wp\/v2\/media\/266655"}],"wp:attachment":[{"href":"https:\/\/www.europesays.com\/fr\/wp-json\/wp\/v2\/media?parent=266654"}],"wp:term":[{"taxonomy":"category","embeddable":true,"href":"https:\/\/www.europesays.com\/fr\/wp-json\/wp\/v2\/categories?post=266654"},{"taxonomy":"post_tag","embeddable":true,"href":"https:\/\/www.europesays.com\/fr\/wp-json\/wp\/v2\/tags?post=266654"}],"curies":[{"name":"wp","href":"https:\/\/api.w.org\/{rel}","templated":true}]}}