{"id":266656,"date":"2025-07-22T22:38:27","date_gmt":"2025-07-22T22:38:27","guid":{"rendered":"https:\/\/www.europesays.com\/fr\/266656\/"},"modified":"2025-07-22T22:38:27","modified_gmt":"2025-07-22T22:38:27","slug":"les-perturbations-sur-les-routes-et-dans-les-transports-pres-de-grenoble","status":"publish","type":"post","link":"https:\/\/www.europesays.com\/fr\/266656\/","title":{"rendered":"les perturbations sur les routes et dans les transports pr\u00e8s de Grenoble"},"content":{"rendered":"<p>            Par<br \/>\n        <strong><br \/>\n            <a href=\"https:\/\/actu.fr\/auteur\/lisa-rodrigues\" title=\"Consulter tous les articles de Lisa Rodrigues\" rel=\"nofollow noopener\" target=\"_blank\">Lisa Rodrigues<\/a><br \/>\n        <\/strong><\/p>\n<p>        Publi\u00e9 le<\/p>\n<p>            22 juil. 2025 \u00e0 10h36        <\/p>\n<p>Le d\u00e9part de la 18e \u00e9tape du <a href=\"https:\/\/actu.fr\/tag\/tour-de-france\" rel=\"nofollow noopener\" target=\"_blank\">Tour de France<\/a> 2025 va \u00eatre donn\u00e9 \u00e0 Vif, au sud de <a href=\"https:\/\/actu.fr\/auvergne-rhone-alpes\/grenoble_38185\" rel=\"nofollow noopener\" target=\"_blank\">Grenoble<\/a>, jeudi 24 juillet. Un \u00e9v\u00e9nement pour la commune, et son ampleur implique forc\u00e9ment des am\u00e9nagements, notamment en termes de <strong>circulation et d\u2019acc\u00e8s routier<\/strong>\u00a0pour garantir la s\u00e9curit\u00e9 des coureurs et des amateurs de la Grande boucle.<\/p>\n<p class=\" wall-content\">Routes bloqu\u00e9es, changements d\u2019itin\u00e9raires pour les transports en commun\u2026 Voici les conditions de circulation sur le secteur mises en place <strong>d\u00e8s mercredi 23 juillet<\/strong>.<\/p>\n<p class=\" wall-content\">\n<p>Des routes ferm\u00e9es<\/p>\n<p class=\" wall-content\">Concernant l\u2019acc\u00e8s routier, plusieurs <strong>fermetures de routes<\/strong> sont \u00e0 pr\u00e9voir, notamment \u00e0 <a href=\"https:\/\/actu.fr\/auvergne-rhone-alpes\/vif_38545\" rel=\"nofollow noopener\" target=\"_blank\">Vif<\/a> :\u00a0<\/p>\n<ul class=\" wall-content\">\n<li>Du <strong>mercredi 23 juillet \u00e0 14h au jeudi 24 juillet \u00e0 18h<\/strong> : place Jean-Couturier,<\/li>\n<li>Du <strong>mercredi 23 juillet \u00e0 22h au jeudi 24 juillet \u00e0 18h<\/strong> : avenue de rivalta di Torino (D63), place de la Lib\u00e9ration, rue du portail rouge, boulevard de la R\u00e9sistance (D63C), avenue du 08-Mai-1945 (entre le rond-point du G\u00e9n\u00e9ral-de-Gaulle et le carrefour avec la rue de l\u2019Esp\u00e8re),<\/li>\n<li>Le <strong>jeudi 24 juillet 2025 de 6h \u00e0 11h<\/strong> : rues du stade et du nord,<\/li>\n<li>Le <strong>jeudi 24 juillet 2025 de 6h \u00e0 14h<\/strong> : sur une zone comprenant (au nord) l\u2019entr\u00e9e de la rue de la R\u00e9publique depuis l\u2019avenue d\u2019Argenson jusqu\u2019\u00e0 l\u2019avenue du G\u00e9n\u00e9ral-de-Gaulle (D8) au croisement avec la rue du viaduc (au sud), l\u2019avenue de la tour, la rue du bois-du-Gua, en passant par la rue du polygone (entre la place de la Lib\u00e9ration et la rue ch\u00e2teauminois). L\u2019avenue de la gare (D63) sur toute sa longueur ainsi que la sortie du parking de l\u2019Intermarch\u00e9 c\u00f4t\u00e9 avenue du 08-Mai-1945 seront aussi inaccessibles.<\/li>\n<\/ul>\n<p><a href=\"https:\/\/static.actu.fr\/uploads\/2025\/07\/pdf-circulation-vif-tdf.pdf\" rel=\"nofollow noopener\" target=\"_blank\">Afficher ou t\u00e9l\u00e9charger le fichier.<\/a><\/p>\n<p class=\" wall-content\">\u00c0 noter aussi des interdictions de stationnement instaur\u00e9es d\u00e8s mercredi apr\u00e8s-midi sur la commune. Des <strong>parkings<\/strong> seront propos\u00e9s pour les automobilistes le jour J.<\/p>\n<p class=\" wall-content\">Enfin, la course va logiquement entra\u00eener une <strong>fermeture des routes d\u00e9partementales<\/strong>. \u00ab\u00a0Les axes emprunt\u00e9s seront ferm\u00e9s une \u00e0 deux heures avant le passage de la voiture de t\u00eate de course et au moins 15 minutes apr\u00e8s le passage de la voiture balai\u00a0\u00bb, pr\u00e9cise le d\u00e9partement de l\u2019Is\u00e8re.<\/p>\n<p>Adaptation des transports en commun<\/p>\n<p class=\" wall-content\">MR\u00e9so, gestionnaire des <a href=\"https:\/\/actu.fr\/auvergne-rhone-alpes\/grenoble_38185\/grenoble-transports-reseau-unique-gratuite-rer-metropolitain-le-smmag-garde-le-cap_62865928.html\" rel=\"nofollow noopener\" target=\"_blank\">mobilit\u00e9s de l\u2019agglom\u00e9ration grenobloise<\/a>, va \u00e9galement adapter le r\u00e9seau de transports en commun sur la zone jeudi 24 juillet :\u00a0<\/p>\n<ul class=\" wall-content\">\n<li>La <strong>ligne 25<\/strong> fera son terminus provisoire \u00e0 \u00ab\u00a0Varces \u2013 Coll\u00e8ge\u00a0\u00bb de 6h \u00e0 10h en raison de la fermeture de la D1075 et \u00e0 l\u2019arr\u00eat \u201cLes Garcins\u201d de 10h \u00e0 18h,<\/li>\n<li>La <strong>ligne C14<\/strong> s\u2019arr\u00eatera aux \u00ab\u00a0Garcins\u00a0\u00bb de 8h \u00e0 18h, avec un bus toutes les 15 minutes,<\/li>\n<li>Les <strong>lignes C13, 23, 45 et 65<\/strong> auront une modification de leur terminus de 9h \u00e0 14h (jusqu\u2019\u00e0 18h pour la ligne 45),<\/li>\n<li>Les lignes 70 et 71 ne circuleront pas de 8h30 \u00e0 15h,<\/li>\n<li>Les lignes 44, 72 et 73 ne circuleront pas de la journ\u00e9e.\u00a0<\/li>\n<\/ul>\n<p class=\" wall-content\">Une navette MR\u00e9so va aussi \u00eatre mise en place pour rapprocher les spectateurs du Village d\u00e9part \u00e0 Vif, jusqu\u2019au rond-point entre la route de fontagneux et l\u2019avenue d\u2019Argenson.<\/p>\n<p class=\" wall-content\">Suivez toute l\u2019actualit\u00e9 de vos villes et m\u00e9dias favoris en vous inscrivant \u00e0 <a href=\"https:\/\/moncompte.actu.fr\" title=\"D\u00e9couvez Mon Actu\" rel=\"nofollow noopener\" data-trk=\"{&quot;cta&quot;:{&quot;action&quot;:&quot;https:\\\/\\\/moncompte.actu.fr&quot;,&quot;category&quot;:&quot;mon compte&quot;,&quot;from&quot;:&quot;article footer&quot;,&quot;name&quot;:&quot;Mon actu&quot;,&quot;type&quot;:&quot;cta&quot;}}\" target=\"_blank\">Mon Actu<\/a>.<\/p>\n<ul class=\"ac-article-tag wall-content\">\n<li><a href=\"https:\/\/actu.fr\/tag\/tour-de-france\" data-trk=\"{&quot;cta&quot;:{&quot;action&quot;:&quot;Tour de France&quot;,&quot;category&quot;:&quot;tag&quot;,&quot;from&quot;:&quot;article footer&quot;,&quot;name&quot;:&quot;Tour de France&quot;,&quot;type&quot;:&quot;cta&quot;}}\" rel=\"nofollow noopener\" target=\"_blank\">#Tour de France<\/a><\/li>\n<li><a href=\"https:\/\/actu.fr\/tag\/transport-de-lagglomeration-grenobloise-tag\" data-trk=\"{&quot;cta&quot;:{&quot;action&quot;:&quot;Transport de l&#039;agglom\\u00e9ration grenobloise (TAG)&quot;,&quot;category&quot;:&quot;tag&quot;,&quot;from&quot;:&quot;article footer&quot;,&quot;name&quot;:&quot;Transport de l&#039;agglom\\u00e9ration grenobloise (TAG)&quot;,&quot;type&quot;:&quot;cta&quot;}}\" rel=\"nofollow noopener\" target=\"_blank\">#Transport de l&rsquo;agglom\u00e9ration grenobloise (TAG)<\/a><\/li>\n<\/ul>\n","protected":false},"excerpt":{"rendered":"Par Lisa Rodrigues Publi\u00e9 le 22 juil. 2025 \u00e0 10h36 Le d\u00e9part de la 18e \u00e9tape du Tour&hellip;\n","protected":false},"author":2,"featured_media":266657,"comment_status":"","ping_status":"","sticky":false,"template":"","format":"standard","meta":{"footnotes":""},"categories":[9566],"tags":[1111,11,2430,207,1777,674,1011,27,2731,12,25,60,210,8194],"class_list":{"0":"post-266656","1":"post","2":"type-post","3":"status-publish","4":"format-standard","5":"has-post-thumbnail","7":"category-grenoble","8":"tag-actu","9":"tag-actualites","10":"tag-auvergne-rhone-alpes","11":"tag-cyclisme","12":"tag-eu","13":"tag-europe","14":"tag-fr","15":"tag-france","16":"tag-grenoble","17":"tag-news","18":"tag-republique-francaise","19":"tag-sports","20":"tag-tour-de-france","21":"tag-transport-de-lagglomeration-grenobloise-tag"},"share_on_mastodon":{"url":"https:\/\/pubeurope.com\/@fr\/114899288307878812","error":""},"_links":{"self":[{"href":"https:\/\/www.europesays.com\/fr\/wp-json\/wp\/v2\/posts\/266656","targetHints":{"allow":["GET"]}}],"collection":[{"href":"https:\/\/www.europesays.com\/fr\/wp-json\/wp\/v2\/posts"}],"about":[{"href":"https:\/\/www.europesays.com\/fr\/wp-json\/wp\/v2\/types\/post"}],"author":[{"embeddable":true,"href":"https:\/\/www.europesays.com\/fr\/wp-json\/wp\/v2\/users\/2"}],"replies":[{"embeddable":true,"href":"https:\/\/www.europesays.com\/fr\/wp-json\/wp\/v2\/comments?post=266656"}],"version-history":[{"count":0,"href":"https:\/\/www.europesays.com\/fr\/wp-json\/wp\/v2\/posts\/266656\/revisions"}],"wp:featuredmedia":[{"embeddable":true,"href":"https:\/\/www.europesays.com\/fr\/wp-json\/wp\/v2\/media\/266657"}],"wp:attachment":[{"href":"https:\/\/www.europesays.com\/fr\/wp-json\/wp\/v2\/media?parent=266656"}],"wp:term":[{"taxonomy":"category","embeddable":true,"href":"https:\/\/www.europesays.com\/fr\/wp-json\/wp\/v2\/categories?post=266656"},{"taxonomy":"post_tag","embeddable":true,"href":"https:\/\/www.europesays.com\/fr\/wp-json\/wp\/v2\/tags?post=266656"}],"curies":[{"name":"wp","href":"https:\/\/api.w.org\/{rel}","templated":true}]}}