{"id":266658,"date":"2025-07-22T22:39:18","date_gmt":"2025-07-22T22:39:18","guid":{"rendered":"https:\/\/www.europesays.com\/fr\/266658\/"},"modified":"2025-07-22T22:39:18","modified_gmt":"2025-07-22T22:39:18","slug":"mercato-gf38-nouvelle-destination-surprenante-pour-lamine-jarjou","status":"publish","type":"post","link":"https:\/\/www.europesays.com\/fr\/266658\/","title":{"rendered":"Mercato &#8211; GF38 : Nouvelle destination surprenante pour Lamine Jarjou"},"content":{"rendered":"<p style=\"text-align: justify;\">Arriv\u00e9 en septembre 2023 \u00e0 <strong>Grenoble<\/strong>,<strong> Lamine Jarjou<\/strong> n\u2019aura jamais perc\u00e9 en Is\u00e8re. L\u2019ailier gambien de 23 ans va quitter le club selon <a href=\"https:\/\/www.grenoblefoot.info\/lamine-jarjou-transfere-en-tanzanie\/\" target=\"_blank\" rel=\"noopener\">Grenoble Foot Info<\/a>, sans \u00eatre jamais apparu avec l\u2019\u00e9quipe premi\u00e8re. \u00c0 l\u2019hiver 2024, le joueur avait \u00e9t\u00e9 pr\u00eat\u00e9 au Kazakhstan, au FC Atyrau, o\u00f9 il n\u2019avait fait qu\u2019une apparition. En septembre dernier, nouveau pr\u00eat : direction l\u2019AEZ Zakakiou en deuxi\u00e8me division chypriote. Malgr\u00e9 un bilan plus encourageant (22 apparitions toutes comp\u00e9titions confondues, 1 but, deux passes d\u00e9cisives), les dirigeants grenoblois ont d\u00e9cid\u00e9 de trouver un nouveau point de chute , d\u00e9finitif cette fois, pour le joueur.<\/p>\n<p style=\"text-align: justify;\">\u00c0 lire aussi &gt;&gt;\u00a0<a href=\"https:\/\/maligue2.fr\/2025\/07\/22\/mercato-direction-lorient-pour-arsene-kouassi\/\" target=\"_blank\" rel=\"noopener\">Mercato \u2013 Direction Lorient pour Ars\u00e8ne Kouassi ?<\/a><\/p>\n<p style=\"text-align: justify;\">La prochaine destination de Lamine Jarjou devrait donc \u00eatre le club des Singinda Black Stars\u2026 en Tanzanie, quatri\u00e8me de la derni\u00e8re saison de la Ligi Kuu Bara (premi\u00e8re division). Peu de joueurs pourront se targuer d\u2019une telle collection de pays visit\u00e9s en une carri\u00e8re.<\/p>\n<p style=\"text-align: justify;\">Photo Alex Martin\/FEP\/Icon Sport<\/p>\n","protected":false},"excerpt":{"rendered":"Arriv\u00e9 en septembre 2023 \u00e0 Grenoble, Lamine Jarjou n\u2019aura jamais perc\u00e9 en Is\u00e8re. L\u2019ailier gambien de 23 ans&hellip;\n","protected":false},"author":2,"featured_media":153571,"comment_status":"","ping_status":"","sticky":false,"template":"","format":"standard","meta":{"footnotes":""},"categories":[9566],"tags":[12128,1111,11,2430,1777,674,1011,27,2731,40611,12,25],"class_list":{"0":"post-266658","1":"post","2":"type-post","3":"status-publish","4":"format-standard","5":"has-post-thumbnail","7":"category-grenoble","8":"tag-alaune7","9":"tag-actu","10":"tag-actualites","11":"tag-auvergne-rhone-alpes","12":"tag-eu","13":"tag-europe","14":"tag-fr","15":"tag-france","16":"tag-grenoble","17":"tag-lamine-jarjou","18":"tag-news","19":"tag-republique-francaise"},"share_on_mastodon":{"url":"https:\/\/pubeurope.com\/@fr\/114899292216505791","error":""},"_links":{"self":[{"href":"https:\/\/www.europesays.com\/fr\/wp-json\/wp\/v2\/posts\/266658","targetHints":{"allow":["GET"]}}],"collection":[{"href":"https:\/\/www.europesays.com\/fr\/wp-json\/wp\/v2\/posts"}],"about":[{"href":"https:\/\/www.europesays.com\/fr\/wp-json\/wp\/v2\/types\/post"}],"author":[{"embeddable":true,"href":"https:\/\/www.europesays.com\/fr\/wp-json\/wp\/v2\/users\/2"}],"replies":[{"embeddable":true,"href":"https:\/\/www.europesays.com\/fr\/wp-json\/wp\/v2\/comments?post=266658"}],"version-history":[{"count":0,"href":"https:\/\/www.europesays.com\/fr\/wp-json\/wp\/v2\/posts\/266658\/revisions"}],"wp:featuredmedia":[{"embeddable":true,"href":"https:\/\/www.europesays.com\/fr\/wp-json\/wp\/v2\/media\/153571"}],"wp:attachment":[{"href":"https:\/\/www.europesays.com\/fr\/wp-json\/wp\/v2\/media?parent=266658"}],"wp:term":[{"taxonomy":"category","embeddable":true,"href":"https:\/\/www.europesays.com\/fr\/wp-json\/wp\/v2\/categories?post=266658"},{"taxonomy":"post_tag","embeddable":true,"href":"https:\/\/www.europesays.com\/fr\/wp-json\/wp\/v2\/tags?post=266658"}],"curies":[{"name":"wp","href":"https:\/\/api.w.org\/{rel}","templated":true}]}}