{"id":266659,"date":"2025-07-22T22:40:20","date_gmt":"2025-07-22T22:40:20","guid":{"rendered":"https:\/\/www.europesays.com\/fr\/266659\/"},"modified":"2025-07-22T22:40:20","modified_gmt":"2025-07-22T22:40:20","slug":"apprenti-macon-a-17-ans-matheo-decroche-lor-puis-largent","status":"publish","type":"post","link":"https:\/\/www.europesays.com\/fr\/266659\/","title":{"rendered":"apprenti ma\u00e7on, \u00e0 17 ans, Math\u00e9o d\u00e9croche l&rsquo;or puis l&rsquo;argent"},"content":{"rendered":"<p>            Par<br \/>\n        <strong><br \/>\n            <a href=\"https:\/\/actu.fr\/auteur\/redaction-jv\" title=\"Consulter tous les articles de R\u00e9daction Vitr\u00e9\" target=\"_blank\" rel=\"noopener\">R\u00e9daction Vitr\u00e9<\/a><br \/>\n        <\/strong><\/p>\n<p>        Publi\u00e9 le<\/p>\n<p>            22 juil. 2025 \u00e0 18h47        <\/p>\n<p>\u00c0 seulement <b>17\u00a0ans, Math\u00e9o Jourdan-Groussard<\/b>, de <b>Princ\u00e9<\/b> (Ille-et-Vilaine), apprenti en deuxi\u00e8me ann\u00e9e de CAP Ma\u00e7on \u00e0 CMA Formation Foug\u00e8res, vient de d\u00e9crocher la <b>m\u00e9daille d\u2019or d\u00e9partementale<\/b> et la <b>m\u00e9daille d\u2019argent r\u00e9gionale <\/b>au prestigieux concours des <b>Meilleurs Apprentis de France 2025 (MAF).<\/b><\/p>\n<p class=\" wall-content\">Un succ\u00e8s qui r\u00e9compense son engagement, sa rigueur et sa passion pour la ma\u00e7onnerie.\u00a0C\u2019est lors d\u2019un stage de 3e que Math\u00e9o a d\u00e9couvert le m\u00e9tier de ma\u00e7on.<\/p>\n<p>Un projet d\u2019envergure<\/p>\n<p class=\" wall-content\">S\u00e9duit par cet univers m\u00ealant technique et savoir-faire, il d\u00e9cide alors de s\u2019orienter vers un<b> CAP en apprentissage,<\/b> un choix qui lui permet de se former concr\u00e8tement sur le terrain.<\/p>\n<p class=\" wall-content\">Il apprend ainsi aux c\u00f4t\u00e9s d\u2019Antoine Lemonnier, son ma\u00eetre d\u2019apprentissage au sein de l\u2019entreprise Lemonnier \u00e0 Princ\u00e9, qui l\u2019encourage \u00e0 participer au concours MAF.<\/p>\n<p class=\" wall-content\">Pour cette comp\u00e9tition, Math\u00e9o a relev\u00e9 un v\u00e9ritable d\u00e9fi : <b>r\u00e9aliser un Kachelofen, <\/b>un four \u00e0 bois traditionnel alsacien. L\u2019\u00e9preuve a n\u00e9cessit\u00e9 pas moins de\u00a0<b>150\u00a0heures de travail.<\/b><\/p>\n<p class=\" wall-content\">Du socle au d\u00e9part en briques, en passant par la prise de c\u00f4tes et le respect rigoureux des plans fournis, chaque \u00e9tape a demand\u00e9 pr\u00e9cision et patience.<\/p>\n<p class=\" wall-content\">\u00ab Ce qui a \u00e9t\u00e9 le plus difficile, ce sont les enduits et la pose des briquettes, car ce ne sont pas des techniques que je pratique souvent \u00bb, confie-t-il.\u00a0Pourtant, c\u2019est la vo\u00fbte \u00e0 l\u2019ouverture du four dont il est le plus fier, une partie particuli\u00e8rement d\u00e9licate du projet.<\/p>\n<p>\u00ab\u00a0C\u2019est une fiert\u00e9 d\u2019avoir \u00e9t\u00e9 reconnu pour ce travail\u00a0\u00bb<\/p>\n<p class=\" wall-content\">Pour r\u00e9aliser son \u0153uvre, Math\u00e9o a utilis\u00e9 un\u00a0mortier b\u00e2tard (m\u00e9lange de chaux et de ciment), des\u00a0briquettes, ainsi que des\u00a0pierres d\u2019angle en granit\u00a0issues de la r\u00e9gion.<\/p>\n<p class=\" wall-content\">Ce projet ambitieux a \u00e9t\u00e9 men\u00e9 sous les conseils avis\u00e9s de son ma\u00eetre d\u2019apprentissage, avec un soutien constant de sa famille.<\/p>\n<p class=\" wall-content\">\u00ab C\u2019est <b>une fiert\u00e9 d\u2019avoir \u00e9t\u00e9 reconnu pour ce travail.<\/b> Cela me donne encore plus envie de progresser \u00bb, confie-t-il.<\/p>\n<p class=\" wall-content\">Ces distinctions confirment son talent et renforcent sa motivation \u00e0 poursuivre dans cette voie. \u00c0 la rentr\u00e9e 2025, Math\u00e9o pr\u00e9voit de continuer son parcours en\u00a0brevet professionnel (BP) ma\u00e7on, toujours au sein de l\u2019entreprise Lemonnier, qui se r\u00e9jouit de son implication dans le concours.<\/p>\n<p class=\" wall-content\">Pour celle-ci, la participation de Math\u00e9o au concours MAF \u00e9tait une occasion pr\u00e9cieuse de le voir mener un projet de A \u00e0 Z, d\u2019apprendre \u00e0 organiser un chantier et de prendre confiance en ses comp\u00e9tences. Un bel exemple de transmission et d\u2019accompagnement r\u00e9ussi dans le cadre de la formation par apprentissage.<\/p>\n<p class=\" wall-content\">Suivez toute l\u2019actualit\u00e9 de vos villes et m\u00e9dias favoris en vous inscrivant \u00e0 <a href=\"https:\/\/moncompte.actu.fr\" title=\"D\u00e9couvez Mon Actu\" rel=\"nofollow noopener\" data-trk=\"{&quot;cta&quot;:{&quot;action&quot;:&quot;https:\\\/\\\/moncompte.actu.fr&quot;,&quot;category&quot;:&quot;mon compte&quot;,&quot;from&quot;:&quot;article footer&quot;,&quot;name&quot;:&quot;Mon actu&quot;,&quot;type&quot;:&quot;cta&quot;}}\" target=\"_blank\">Mon Actu<\/a>.<\/p>\n","protected":false},"excerpt":{"rendered":"Par R\u00e9daction Vitr\u00e9 Publi\u00e9 le 22 juil. 2025 \u00e0 18h47 \u00c0 seulement 17\u00a0ans, Math\u00e9o Jourdan-Groussard, de Princ\u00e9 (Ille-et-Vilaine),&hellip;\n","protected":false},"author":2,"featured_media":266660,"comment_status":"","ping_status":"","sticky":false,"template":"","format":"standard","meta":{"footnotes":""},"categories":[2821],"tags":[1111,11,829,1777,674,1011,27,12,9026,584,25,104],"class_list":{"0":"post-266659","1":"post","2":"type-post","3":"status-publish","4":"format-standard","5":"has-post-thumbnail","7":"category-rennes","8":"tag-actu","9":"tag-actualites","10":"tag-bretagne","11":"tag-eu","12":"tag-europe","13":"tag-fr","14":"tag-france","15":"tag-news","16":"tag-portrait","17":"tag-rennes","18":"tag-republique-francaise","19":"tag-societe"},"share_on_mastodon":{"url":"https:\/\/pubeurope.com\/@fr\/114899296156778167","error":""},"_links":{"self":[{"href":"https:\/\/www.europesays.com\/fr\/wp-json\/wp\/v2\/posts\/266659","targetHints":{"allow":["GET"]}}],"collection":[{"href":"https:\/\/www.europesays.com\/fr\/wp-json\/wp\/v2\/posts"}],"about":[{"href":"https:\/\/www.europesays.com\/fr\/wp-json\/wp\/v2\/types\/post"}],"author":[{"embeddable":true,"href":"https:\/\/www.europesays.com\/fr\/wp-json\/wp\/v2\/users\/2"}],"replies":[{"embeddable":true,"href":"https:\/\/www.europesays.com\/fr\/wp-json\/wp\/v2\/comments?post=266659"}],"version-history":[{"count":0,"href":"https:\/\/www.europesays.com\/fr\/wp-json\/wp\/v2\/posts\/266659\/revisions"}],"wp:featuredmedia":[{"embeddable":true,"href":"https:\/\/www.europesays.com\/fr\/wp-json\/wp\/v2\/media\/266660"}],"wp:attachment":[{"href":"https:\/\/www.europesays.com\/fr\/wp-json\/wp\/v2\/media?parent=266659"}],"wp:term":[{"taxonomy":"category","embeddable":true,"href":"https:\/\/www.europesays.com\/fr\/wp-json\/wp\/v2\/categories?post=266659"},{"taxonomy":"post_tag","embeddable":true,"href":"https:\/\/www.europesays.com\/fr\/wp-json\/wp\/v2\/tags?post=266659"}],"curies":[{"name":"wp","href":"https:\/\/api.w.org\/{rel}","templated":true}]}}