{"id":266665,"date":"2025-07-22T22:43:24","date_gmt":"2025-07-22T22:43:24","guid":{"rendered":"https:\/\/www.europesays.com\/fr\/266665\/"},"modified":"2025-07-22T22:43:24","modified_gmt":"2025-07-22T22:43:24","slug":"strasbourg-menacee-par-la-concurrence-envie-alerte-sur-le-secteur-du-reemploi","status":"publish","type":"post","link":"https:\/\/www.europesays.com\/fr\/266665\/","title":{"rendered":"Strasbourg. Menac\u00e9e par la concurrence, Envie alerte sur le secteur du r\u00e9emploi"},"content":{"rendered":"<p>Aspirateur, four, r\u00e9frig\u00e9rateur, mobiles\u2026 en panne ou vieillots, Envie Strasbourg est le petit h\u00f4pital o\u00f9 ils peuvent retrouver une nouvelle jeunesse ou servir \u00e0 r\u00e9parer d\u2019autres de leurs cong\u00e9n\u00e8res. Dans son magasin-entrep\u00f4t fra\u00eechement r\u00e9nov\u00e9 \u00e0 Koenigshoffen et sur <a href=\"https:\/\/www.envie.org\/\" target=\"_blank\" rel=\"nofollow noopener\">envie.org<\/a> , Envie est une adresse connue pour faire r\u00e9parer ou acheter de l\u2019\u00e9lectrom\u00e9nager et produits high-tech de seconde main. \u00ab\u00a0Les anciens nous connaissent, les jeunes c\u2019est moins le cas\u00a0\u00bb, regrette toutefois Sophie Bieber, pr\u00e9sidente de la structure associative.<\/p>\n<p>Envie (Entreprise nouvelle vers l\u2019insertion par l\u2019\u00e9conomique)&#8230;<\/p>\n","protected":false},"excerpt":{"rendered":"Aspirateur, four, r\u00e9frig\u00e9rateur, mobiles\u2026 en panne ou vieillots, Envie Strasbourg est le petit h\u00f4pital o\u00f9 ils peuvent retrouver&hellip;\n","protected":false},"author":2,"featured_media":266666,"comment_status":"","ping_status":"","sticky":false,"template":"","format":"standard","meta":{"footnotes":""},"categories":[2820],"tags":[1111,11,33,2880,436,1777,674,107,1011,27,775,12,25,801,104,640,2879,1631],"class_list":{"0":"post-266665","1":"post","2":"type-post","3":"status-publish","4":"format-standard","5":"has-post-thumbnail","7":"category-strasbourg","8":"tag-actu","9":"tag-actualites","10":"tag-economie","11":"tag-edition-strasbourg","12":"tag-environnement","13":"tag-eu","14":"tag-europe","15":"tag-fil-info","16":"tag-fr","17":"tag-france","18":"tag-grand-est","19":"tag-news","20":"tag-republique-francaise","21":"tag-social","22":"tag-societe","23":"tag-strasbourg","24":"tag-strasbourg-ville","25":"tag-vie-associative"},"share_on_mastodon":{"url":"https:\/\/pubeurope.com\/@fr\/114899307923220375","error":""},"_links":{"self":[{"href":"https:\/\/www.europesays.com\/fr\/wp-json\/wp\/v2\/posts\/266665","targetHints":{"allow":["GET"]}}],"collection":[{"href":"https:\/\/www.europesays.com\/fr\/wp-json\/wp\/v2\/posts"}],"about":[{"href":"https:\/\/www.europesays.com\/fr\/wp-json\/wp\/v2\/types\/post"}],"author":[{"embeddable":true,"href":"https:\/\/www.europesays.com\/fr\/wp-json\/wp\/v2\/users\/2"}],"replies":[{"embeddable":true,"href":"https:\/\/www.europesays.com\/fr\/wp-json\/wp\/v2\/comments?post=266665"}],"version-history":[{"count":0,"href":"https:\/\/www.europesays.com\/fr\/wp-json\/wp\/v2\/posts\/266665\/revisions"}],"wp:featuredmedia":[{"embeddable":true,"href":"https:\/\/www.europesays.com\/fr\/wp-json\/wp\/v2\/media\/266666"}],"wp:attachment":[{"href":"https:\/\/www.europesays.com\/fr\/wp-json\/wp\/v2\/media?parent=266665"}],"wp:term":[{"taxonomy":"category","embeddable":true,"href":"https:\/\/www.europesays.com\/fr\/wp-json\/wp\/v2\/categories?post=266665"},{"taxonomy":"post_tag","embeddable":true,"href":"https:\/\/www.europesays.com\/fr\/wp-json\/wp\/v2\/tags?post=266665"}],"curies":[{"name":"wp","href":"https:\/\/api.w.org\/{rel}","templated":true}]}}