{"id":266667,"date":"2025-07-22T22:44:10","date_gmt":"2025-07-22T22:44:10","guid":{"rendered":"https:\/\/www.europesays.com\/fr\/266667\/"},"modified":"2025-07-22T22:44:10","modified_gmt":"2025-07-22T22:44:10","slug":"cette-villa-a-nice-naccueillera-plus-de-soirees-pendant-tout-lete-apres-lintervention-des-riverains","status":"publish","type":"post","link":"https:\/\/www.europesays.com\/fr\/266667\/","title":{"rendered":"Cette villa \u00e0 Nice n\u2019accueillera plus de soir\u00e9es pendant tout l\u2019\u00e9t\u00e9 apr\u00e8s l&rsquo;intervention des riverains"},"content":{"rendered":"<p>Elle est probl\u00e9matique pour de nombreux r\u00e9sidents du quartier de Saint-Pierre de F\u00e9ric \u00e0 Nice. Une villa accueille depuis plusieurs ann\u00e9es l\u2019\u00e9tablissement Le Tokyo Club.<\/p>\n<p>Situ\u00e9e dans un quartier r\u00e9sidentiel tr\u00e8s calme et peu passant, elle a obtenu toutes les autorisations de la pr\u00e9fecture pour organiser des <a href=\"https:\/\/www.nicematin.com\/vie-locale\/cette-villa-accueille-des-soirees-dans-un-quartier-residentiel-de-nice-les-voisins-sont-excedes-994868\" target=\"_blank\" rel=\"noopener\">soir\u00e9es commerciales, de 22h \u00e0 5h, comme une discoth\u00e8que<\/a>.<\/p>\n<p>Ce qui d\u00e9pla\u00eet tr\u00e8s fortement aux riverains, regrettant les nuisances sonores g\u00e9n\u00e9r\u00e9es par le bruit des soir\u00e9es, mais surtout par les navettes transportant les clients de la corniche de Magnan jusqu\u2019\u00e0 la rue Antoine Virello, o\u00f9 se situe la villa.<\/p>\n<p>Ce mardi, le premier adjoint au maire de Nice a annonc\u00e9 sur le r\u00e9seau social X que l\u2019ensemble des soir\u00e9es pr\u00e9vues pour l\u2019\u00e9t\u00e9 \u00e9taient annul\u00e9es.<\/p>\n<p>\u00ab\u00a0La cellule d\u2019intervention mutualis\u00e9e de la police municipale de Nice a re\u00e7u le propri\u00e9taire. \u00c0 l\u2019issue de cet \u00e9change, il s\u2019est engag\u00e9 \u00e0 suspendre toute activit\u00e9 cet \u00e9t\u00e9 pour pr\u00e9server la tranquillit\u00e9 du quartier\u00a0\u00bb, a \u00e9crit Anthony Borr\u00e9.<\/p>\n<p>Aussi, la prochaine soir\u00e9e pr\u00e9vue, initialement, ce samedi 26 juillet 2025, est annul\u00e9e.<\/p>\n<p>\u00ab\u00a0Nous ne sommes pas au bout de l\u2019histoire\u00a0\u00bb<\/p>\n<p>Une nouvelle qui r\u00e9jouit forc\u00e9ment les riverains. \u00ab\u00a0C\u2019est positif car l\u2019\u00e9t\u00e9 devrait \u00eatre tranquille\u00a0\u00bb, sourit un habitant du secteur.<\/p>\n<p>Sous r\u00e9serve que les soir\u00e9es priv\u00e9es \u2013 dont l\u2019organisation reste autoris\u00e9e au sein de la villa \u2013 ne soient pas trop bruyantes.<\/p>\n<p>\u00ab\u00a0Et nous ne sommes pas au bout de l\u2019histoire, temp\u00e8re-t-on dans le quartier. Ce que nous voudrions, c\u2019est que le statut d\u2019\u00e9tablissement recevant du public soit annul\u00e9 compl\u00e8tement\u00a0\u00bb.<\/p>\n<p>Ceci pour interdire toute activit\u00e9 commerciale de l\u2019\u00e9tablissement et garantir une tranquillit\u00e9 p\u00e9renne.<\/p>\n","protected":false},"excerpt":{"rendered":"Elle est probl\u00e9matique pour de nombreux r\u00e9sidents du quartier de Saint-Pierre de F\u00e9ric \u00e0 Nice. Une villa accueille&hellip;\n","protected":false},"author":2,"featured_media":266668,"comment_status":"","ping_status":"","sticky":false,"template":"","format":"standard","meta":{"footnotes":""},"categories":[2819],"tags":[1111,11,1777,674,1011,27,12,2401,882,25,3366],"class_list":{"0":"post-266667","1":"post","2":"type-post","3":"status-publish","4":"format-standard","5":"has-post-thumbnail","7":"category-nice","8":"tag-actu","9":"tag-actualites","10":"tag-eu","11":"tag-europe","12":"tag-fr","13":"tag-france","14":"tag-news","15":"tag-nice","16":"tag-provence-alpes-cote-dazur","17":"tag-republique-francaise","18":"tag-vie-locale"},"share_on_mastodon":{"url":"https:\/\/pubeurope.com\/@fr\/114899311874786337","error":""},"_links":{"self":[{"href":"https:\/\/www.europesays.com\/fr\/wp-json\/wp\/v2\/posts\/266667","targetHints":{"allow":["GET"]}}],"collection":[{"href":"https:\/\/www.europesays.com\/fr\/wp-json\/wp\/v2\/posts"}],"about":[{"href":"https:\/\/www.europesays.com\/fr\/wp-json\/wp\/v2\/types\/post"}],"author":[{"embeddable":true,"href":"https:\/\/www.europesays.com\/fr\/wp-json\/wp\/v2\/users\/2"}],"replies":[{"embeddable":true,"href":"https:\/\/www.europesays.com\/fr\/wp-json\/wp\/v2\/comments?post=266667"}],"version-history":[{"count":0,"href":"https:\/\/www.europesays.com\/fr\/wp-json\/wp\/v2\/posts\/266667\/revisions"}],"wp:featuredmedia":[{"embeddable":true,"href":"https:\/\/www.europesays.com\/fr\/wp-json\/wp\/v2\/media\/266668"}],"wp:attachment":[{"href":"https:\/\/www.europesays.com\/fr\/wp-json\/wp\/v2\/media?parent=266667"}],"wp:term":[{"taxonomy":"category","embeddable":true,"href":"https:\/\/www.europesays.com\/fr\/wp-json\/wp\/v2\/categories?post=266667"},{"taxonomy":"post_tag","embeddable":true,"href":"https:\/\/www.europesays.com\/fr\/wp-json\/wp\/v2\/tags?post=266667"}],"curies":[{"name":"wp","href":"https:\/\/api.w.org\/{rel}","templated":true}]}}