{"id":26667,"date":"2025-04-15T13:55:08","date_gmt":"2025-04-15T13:55:08","guid":{"rendered":"https:\/\/www.europesays.com\/fr\/26667\/"},"modified":"2025-04-15T13:55:08","modified_gmt":"2025-04-15T13:55:08","slug":"un-homme-interpelle-a-laeroport-de-nice-avec-195-paquets-de-cigarettes-dans-son-pantalon","status":"publish","type":"post","link":"https:\/\/www.europesays.com\/fr\/26667\/","title":{"rendered":"Un homme interpell\u00e9 \u00e0 l\u2019a\u00e9roport de Nice avec 195 paquets de cigarettes dans son pantalon"},"content":{"rendered":"<p>Ce multir\u00e9cidiviste en provenance d\u2019Afrique du Nord sera jug\u00e9 en septembre prochain.<\/p>\n<p class=\"fig-paragraph\">C\u2019est une silhouette d\u2019un genre un peu particulier qui a mis la puce \u00e0 l\u2019oreille des douaniers de\u00a0<a href=\"http:\/\/www.lefigaro.fr\/nice\/aeroport-de-nice-nous-devons-avoir-un-accueil-a-la-hauteur-de-la-cote-d-azur-20230518\" data-fig-type=\"Article\" data-gtm-custom-categorie=\"navigation\" data-gtm-custom-action=\"crossclick\" data-gtm-custom-label=\"Contextuel\" data-gtm-event=\"customEventSPE\" data-fig-domain=\"LEFIGARO\" target=\"_blank\" rel=\"noopener\">l\u2019a\u00e9roport Nice C\u00f4te d\u2019Azur<\/a>. Le 28 mars, ces derniers ont contr\u00f4l\u00e9 un passager en provenance d\u2019un pays d\u2019Afrique du Nord \u00e0 sa descente de l\u2019avion. Si quatre cartouches de cigarettes ont d\u2019abord \u00e9t\u00e9 d\u00e9couvertes dans ses bagages, c\u2019est surtout son pantalon qui a attir\u00e9 l\u2019attention.<\/p>\n<p class=\"fig-paragraph\">Et pour cause, dissimul\u00e9s sous ses v\u00eatements, dans un \u00e9pais collant, pas moins de 195 paquets de cigarettes de marque\u00a0<a href=\"https:\/\/www.lefigaro.fr\/societes\/marlboro-pret-a-s-offrir-un-geant-suedois-du-tabac-pour-15-milliards-20220510\" data-fig-type=\"Article\" data-gtm-custom-categorie=\"navigation\" data-gtm-custom-action=\"crossclick\" data-gtm-custom-label=\"Contextuel\" data-gtm-event=\"customEventSPE\" data-fig-domain=\"LEFIGARO\" target=\"_blank\" rel=\"noopener\">Marlboro<\/a>\u00a0avaient \u00e9t\u00e9 soigneusement dissimul\u00e9s. Multir\u00e9cidiviste, l\u2019individu a \u00e9t\u00e9 auditionn\u00e9 sur place. Il sera jug\u00e9 en septembre prochain par le tribunal judiciaire de Nice.<\/p>\n<p>    Les paquets de cigarettes \u00e9taient dissimul\u00e9s sous ses v\u00eatements, dans un \u00e9pais collant.<br \/>\n                Douanes 06<\/p>\n<p>1,8 tonne saisie en 2024<\/p>\n<p class=\"fig-paragraph\">Quelques jours plus tard, le 31 mars, ce sont les agents de la brigade de Menton qui, au\u00a0<a href=\"http:\/\/www.lefigaro.fr\/nice\/34-kilos-de-cocaine-decouverts-dans-le-vehicule-d-une-jeune-femme-pres-de-la-frontiere-franco-italienne-20240923\" data-fig-type=\"NewsFlash\" data-gtm-custom-categorie=\"navigation\" data-gtm-custom-action=\"crossclick\" data-gtm-custom-label=\"Contextuel\" data-gtm-event=\"customEventSPE\" data-fig-domain=\"LEFIGARO\" target=\"_blank\" rel=\"noopener\">p\u00e9age de La Turbie<\/a>, ont d\u00e9couvert plus de 75 kilos de tabac cach\u00e9s sous la banquette d\u2019un van immatricul\u00e9 en Allemagne. L\u00e0 encore, la fouille a \u00e9t\u00e9 d\u00e9clench\u00e9e par le flair d\u2019un chien antistup\u00e9fiants. L\u2019un des occupants du v\u00e9hicule, qui a reconnu les faits, a \u00e9t\u00e9 condamn\u00e9 \u00e0 huit mois de prison avec sursis, \u00e0 une lourde amende douani\u00e8re de plus de 48.000 euros, et \u00e0 une interdiction de s\u00e9jour en France de cinq ans. Le v\u00e9hicule a \u00e9galement \u00e9t\u00e9 confisqu\u00e9.<\/p>\n<p>    75 kilos de tabac cach\u00e9s sous la banquette d\u2019un van immatricul\u00e9 en Allemagne ont \u00e9t\u00e9 d\u00e9couverts le 31 mars au p\u00e9age de La Turbie.<br \/>\n                Douanes 06<\/p>\n<p class=\"fig-paragraph\">En 2024, plus de 1,8 tonne de tabac a \u00e9t\u00e9 saisie dans les Alpes-Maritimes, preuve d\u2019un trafic en constante \u00e9volution, contre lequel les douaniers affirment rester pleinement mobilis\u00e9s.<\/p>\n","protected":false},"excerpt":{"rendered":"Ce multir\u00e9cidiviste en provenance d\u2019Afrique du Nord sera jug\u00e9 en septembre prochain. C\u2019est une silhouette d\u2019un genre un&hellip;\n","protected":false},"author":2,"featured_media":26668,"comment_status":"","ping_status":"","sticky":false,"template":"","format":"standard","meta":{"footnotes":""},"categories":[2819],"tags":[1111,11,2898,2829,2971,2972,6583,2973,2974,981,1777,674,2975,6017,1011,27,2969,2970,2987,2980,12,2401,2897,2976,2977,2978,2985,2986,2979,2981,2982,2983,2984,2991,2992,2993,2994,2996,2997,2998,2999,3000,3001,3002,2995,3003,3004,3005,3007,2268,882,25,2988,2989,2990,2968,1097,3006],"class_list":{"0":"post-26667","1":"post","2":"type-post","3":"status-publish","4":"format-standard","5":"has-post-thumbnail","7":"category-nice","8":"tag-actu","9":"tag-actualites","10":"tag-alpes-maritimes","11":"tag-baumettes","12":"tag-carabacel","13":"tag-caucade","14":"tag-cigarette","15":"tag-cimiez","16":"tag-cremat","17":"tag-douane","18":"tag-eu","19":"tag-europe","20":"tag-fabron","21":"tag-fait-divers","22":"tag-fr","23":"tag-france","24":"tag-larenas","25":"tag-lariane","26":"tag-le-ray","27":"tag-lingostiere","28":"tag-news","29":"tag-nice","30":"tag-nice-cote-dazur","31":"tag-nice-gairaut","32":"tag-nice-gambetta","33":"tag-nice-jean-medecin","34":"tag-nice-le-piol","35":"tag-nice-le-port","36":"tag-nice-liberation","37":"tag-nice-magnan","38":"tag-nice-mantega-mont-boron","39":"tag-nice-pasteur","40":"tag-nice-pessicart","41":"tag-nice-rue-de-france","42":"tag-nice-saint-antoine","43":"tag-nice-saint-augustin","44":"tag-nice-saint-isidore","45":"tag-nice-saint-maurice","46":"tag-nice-saint-pancrace","47":"tag-nice-saint-philippe","48":"tag-nice-saint-pierre-de-feric","49":"tag-nice-saint-roch","50":"tag-nice-saint-roman-de-bellet","51":"tag-nice-saint-sylvestre","52":"tag-nice-sainte-marguerite","53":"tag-nice-thiers","54":"tag-nice-ventabrun","55":"tag-nice-vernier","56":"tag-nice-vinaigrier","57":"tag-ogc-nice","58":"tag-provence-alpes-cote-dazur","59":"tag-republique-francaise","60":"tag-rimiez","61":"tag-riquier","62":"tag-roquebilliere","63":"tag-sud-est","64":"tag-trafic","65":"tag-vieux-nice"},"share_on_mastodon":{"url":"","error":"Validation failed: Text character limit of 500 exceeded"},"_links":{"self":[{"href":"https:\/\/www.europesays.com\/fr\/wp-json\/wp\/v2\/posts\/26667","targetHints":{"allow":["GET"]}}],"collection":[{"href":"https:\/\/www.europesays.com\/fr\/wp-json\/wp\/v2\/posts"}],"about":[{"href":"https:\/\/www.europesays.com\/fr\/wp-json\/wp\/v2\/types\/post"}],"author":[{"embeddable":true,"href":"https:\/\/www.europesays.com\/fr\/wp-json\/wp\/v2\/users\/2"}],"replies":[{"embeddable":true,"href":"https:\/\/www.europesays.com\/fr\/wp-json\/wp\/v2\/comments?post=26667"}],"version-history":[{"count":0,"href":"https:\/\/www.europesays.com\/fr\/wp-json\/wp\/v2\/posts\/26667\/revisions"}],"wp:featuredmedia":[{"embeddable":true,"href":"https:\/\/www.europesays.com\/fr\/wp-json\/wp\/v2\/media\/26668"}],"wp:attachment":[{"href":"https:\/\/www.europesays.com\/fr\/wp-json\/wp\/v2\/media?parent=26667"}],"wp:term":[{"taxonomy":"category","embeddable":true,"href":"https:\/\/www.europesays.com\/fr\/wp-json\/wp\/v2\/categories?post=26667"},{"taxonomy":"post_tag","embeddable":true,"href":"https:\/\/www.europesays.com\/fr\/wp-json\/wp\/v2\/tags?post=26667"}],"curies":[{"name":"wp","href":"https:\/\/api.w.org\/{rel}","templated":true}]}}