{"id":266683,"date":"2025-07-22T22:54:09","date_gmt":"2025-07-22T22:54:09","guid":{"rendered":"https:\/\/www.europesays.com\/fr\/266683\/"},"modified":"2025-07-22T22:54:09","modified_gmt":"2025-07-22T22:54:09","slug":"a-marseille-la-nourrice-avait-installe-un-drive-de-la-drogue-dans-son-appartement","status":"publish","type":"post","link":"https:\/\/www.europesays.com\/fr\/266683\/","title":{"rendered":"\u00c0 Marseille, la nourrice avait install\u00e9 un \u00ab\u00a0drive\u00a0\u00bb de la drogue dans son appartement"},"content":{"rendered":"<p>Le syst\u00e8me \u00e9tait bien rod\u00e9. R\u00e9guli\u00e8rement, Nadera O. recevait des instructions sur la messagerie crypt\u00e9e Signal, descendait en bas de son immeuble r\u00e9cup\u00e9rer une \u00ab\u00a0valise marocaine\u00a0\u00bb de cannabis dans un sac en toile de jute ou apporter \u00e0 un \u00ab\u00a0coursier\u00a0\u00bb sa commande, soigneusement pes\u00e9e et conditionn\u00e9e. Cannabis et coca\u00efne repartaient ainsi vers les points de vente de d\u00e9tail ou les tourn\u00e9es \u00ab\u00a0Ubershit\u00a0\u00bb.<\/p>\n","protected":false},"excerpt":{"rendered":"Le syst\u00e8me \u00e9tait bien rod\u00e9. R\u00e9guli\u00e8rement, Nadera O. recevait des instructions sur la messagerie crypt\u00e9e Signal, descendait en&hellip;\n","protected":false},"author":2,"featured_media":266684,"comment_status":"","ping_status":"","sticky":false,"template":"","format":"standard","meta":{"footnotes":""},"categories":[2814],"tags":[17,1111,11,8851,1446,12451,1052,1777,674,274,1011,27,14191,884,12,40613,882,25],"class_list":{"0":"post-266683","1":"post","2":"type-post","3":"status-publish","4":"format-standard","5":"has-post-thumbnail","7":"category-marseille","8":"tag-17","9":"tag-actu","10":"tag-actualites","11":"tag-avait","12":"tag-dans","13":"tag-drive","14":"tag-drogue","15":"tag-eu","16":"tag-europe","17":"tag-faits-divers-justice","18":"tag-fr","19":"tag-france","20":"tag-installe","21":"tag-marseille","22":"tag-news","23":"tag-nourrice","24":"tag-provence-alpes-cote-dazur","25":"tag-republique-francaise"},"share_on_mastodon":{"url":"https:\/\/pubeurope.com\/@fr\/114899351189655914","error":""},"_links":{"self":[{"href":"https:\/\/www.europesays.com\/fr\/wp-json\/wp\/v2\/posts\/266683","targetHints":{"allow":["GET"]}}],"collection":[{"href":"https:\/\/www.europesays.com\/fr\/wp-json\/wp\/v2\/posts"}],"about":[{"href":"https:\/\/www.europesays.com\/fr\/wp-json\/wp\/v2\/types\/post"}],"author":[{"embeddable":true,"href":"https:\/\/www.europesays.com\/fr\/wp-json\/wp\/v2\/users\/2"}],"replies":[{"embeddable":true,"href":"https:\/\/www.europesays.com\/fr\/wp-json\/wp\/v2\/comments?post=266683"}],"version-history":[{"count":0,"href":"https:\/\/www.europesays.com\/fr\/wp-json\/wp\/v2\/posts\/266683\/revisions"}],"wp:featuredmedia":[{"embeddable":true,"href":"https:\/\/www.europesays.com\/fr\/wp-json\/wp\/v2\/media\/266684"}],"wp:attachment":[{"href":"https:\/\/www.europesays.com\/fr\/wp-json\/wp\/v2\/media?parent=266683"}],"wp:term":[{"taxonomy":"category","embeddable":true,"href":"https:\/\/www.europesays.com\/fr\/wp-json\/wp\/v2\/categories?post=266683"},{"taxonomy":"post_tag","embeddable":true,"href":"https:\/\/www.europesays.com\/fr\/wp-json\/wp\/v2\/tags?post=266683"}],"curies":[{"name":"wp","href":"https:\/\/api.w.org\/{rel}","templated":true}]}}