{"id":266689,"date":"2025-07-22T22:57:18","date_gmt":"2025-07-22T22:57:18","guid":{"rendered":"https:\/\/www.europesays.com\/fr\/266689\/"},"modified":"2025-07-22T22:57:18","modified_gmt":"2025-07-22T22:57:18","slug":"lyon-derriere-levacuation-du-campement-de-la-honte-une-nouvelle-polemique-commence-a-gonfler","status":"publish","type":"post","link":"https:\/\/www.europesays.com\/fr\/266689\/","title":{"rendered":"Lyon. Derri\u00e8re l&rsquo;\u00e9vacuation du \u00ab\u00a0campement de la honte\u00a0\u00bb, une nouvelle pol\u00e9mique commence \u00e0 gonfler"},"content":{"rendered":"<p>            Par<br \/>\n        <strong><br \/>\n            <a href=\"https:\/\/actu.fr\/auteur\/nicolas-zaugra\" title=\"Consulter tous les articles de Nicolas Zaugra\" rel=\"nofollow noopener\" target=\"_blank\">Nicolas Zaugra<\/a><br \/>\n        <\/strong><\/p>\n<p>        Publi\u00e9 le<\/p>\n<p>            22 juil. 2025 \u00e0 16h46        <\/p>\n<p>Des riverains soulag\u00e9s, des associations et des militants remont\u00e9s, ainsi que des autorit\u00e9s qui passent \u00e0 l\u2019action apr\u00e8s des ann\u00e9es d\u2019une situation qui s\u2019est encore aggrav\u00e9e ces derni\u00e8res semaines : le <a href=\"https:\/\/actu.fr\/auvergne-rhone-alpes\/lyon_69123\/lyon-le-campement-de-la-honte-l-un-des-plus-grands-de-la-ville-evacue-par-la-police_62940045.html\" rel=\"nofollow noopener\" target=\"_blank\">campement de fortune de Jean-Mac\u00e9 et Yves-Farge<\/a>, install\u00e9 sous des ponts ferroviaires du 7e arrondissement, ont \u00e9t\u00e9 \u00e9vacu\u00e9s par la police ce mardi 22 juillet 2025. La M\u00e9tropole \u00e9cologiste de <a href=\"https:\/\/actu.fr\/auvergne-rhone-alpes\/lyon_69123\" rel=\"nofollow noopener\" target=\"_blank\">Lyon<\/a>, avec le soutien de la Ville, ont demand\u00e9 \u00e0 la pr\u00e9fecture du Rh\u00f4ne le d\u00e9mant\u00e8lement de ces \u00ab\u00a0campements de la honte\u00a0\u00bb, v\u00e9ritables bidonvilles \u00e0 ciel ouvert en pleine rue.<br \/>Plusieurs occupants des tentes sont pris en charge tandis que certains sans-abris, parfois en situation irr\u00e9guli\u00e8re, restent \u00e0 la rue sans solution. La police a aussi proc\u00e9d\u00e9 \u00e0 des interpellations. La Ville de Lyon d\u00e9fend cette \u00e9vacuation tandis que LFI d\u00e9nonce la m\u00e9thode tout comme des associations et des militants.<\/p>\n<p>Un campement pr\u00e9sent depuis des ann\u00e9es<\/p>\n<p class=\" wall-content\">Il est 6h du matin ce mardi quand un <strong>important dispositif de police<\/strong>, avec CRS, se positionne au niveau des deux campements de fortune situ\u00e9s sous le pont SNCF. En plein trottoir, depuis au moins quatre ans, une centaine de tentes s\u2019est install\u00e9e au milieu du passage.<\/p>\n<p class=\" wall-content\">L\u2019\u00e9vacuation s\u2019est pass\u00e9e dans le calme. Une manifestation avec environ 50 participants a eu lieu, o\u00f9 certains militants, notamment d\u2019Intersquat ou de LFI, ont d\u00e9nonc\u00e9 l\u2019intervention des forces de l\u2019ordre, criant des slogans comme \u00ab\u00a0Un toit c\u2019est un droit, pas d\u2019expulsion sans relogement\u00a0\u00bb. Le 7 juillet dernier, face \u00e0 l\u2019inqui\u00e9tude de riverains, la police avait effectu\u00e9 un recensement.<\/p>\n<p>13 relogements, d\u2019autres sans solutions<\/p>\n<p class=\" wall-content\">Ce mardi, la pr\u00e9fecture annonce <strong>98 tentes recens\u00e9es<\/strong>, cinq personnes interpell\u00e9es par la police aux fronti\u00e8res (PAF) ce matin plus trois interpell\u00e9s en amont du d\u00e9mant\u00e8lement.<\/p>\n<p class=\" wall-content\">Apr\u00e8s un \u00ab diagnostic social r\u00e9alis\u00e9 par les services de l\u2019\u00c9tat et leurs partenaires, <strong>11 adultes et 2 enfants ont \u00e9t\u00e9 pris en charge<\/strong>, au regard de vuln\u00e9rabilit\u00e9, en amont au titre de l\u2019h\u00e9bergement d\u2019urgence. \u00bb<\/p>\n<p class=\" wall-content\">Selon nos informations, une partie des personnes \u00e9vacu\u00e9es (sur 35 au total) se retrouve sans solution d\u2019h\u00e9bergement et va rester \u00e0 la rue. Du c\u00f4t\u00e9 des services de l\u2019Etat, on rappelle que les <a href=\"https:\/\/actu.fr\/auvergne-rhone-alpes\/lyon_69123\/lyon-les-hebergements-d-urgence-satures-l-etat-va-expulser-a-la-rue-des-beneficiaires_62312030.html\" rel=\"nofollow noopener\" target=\"_blank\">h\u00e9bergements d\u2019urgence sont satur\u00e9s<\/a> et que certaines personnes contr\u00f4l\u00e9es n\u2019ont pas vocation \u00e0 rester sur le territoire national.\u00a0<\/p>\n<p>    <img   decoding=\"async\" loading=\"lazy\" src=\"https:\/\/www.europesays.com\/fr\/wp-content\/uploads\/2025\/07\/thumbnail-img-9283-960x640.jpg\" alt=\"De plus en plus de tentes se trouvent sous le pont de la gare Jean Mac\u00e9 \u00e0 Lyon.\" width=\"960\" height=\"640\"\/><br \/>\n    De plus en plus de tentes se trouvaient sous le pont de la gare Jean Mac\u00e9 \u00e0 Lyon. (\u00a9actu Lyon\/TB)<\/p>\n<p class=\" wall-content\">\u00ab\u00a0La municipalit\u00e9 en appelle de nouveau \u00e0 la pr\u00e9fecture du Rh\u00f4ne pour qu\u2019elle trouve des solutions d\u2019h\u00e9bergement pour les personnes relevant de sa comp\u00e9tence\u00a0\u00bb, demande d\u2019ailleurs la Ville. Les deux entit\u00e9s sont engag\u00e9es depuis des ann\u00e9es dans un interminable bras de fer sur ce sujet br\u00fblant.\u00a0<\/p>\n<p class=\" wall-content\">Les tentes ont \u00e9t\u00e9 d\u00e9truites et le secteur nettoy\u00e9 pour redonner aux passants l\u2019ensemble de l\u2019espace public. Une cam\u00e9ra de vid\u00e9oprotection a aussi \u00e9t\u00e9 install\u00e9e.<\/p>\n<p>La Ville de Lyon d\u00e9fend le d\u00e9mant\u00e8lement du camp<\/p>\n<p class=\" wall-content\">Dans un communiqu\u00e9, la mairie \u00e9cologiste de Lyon (la M\u00e9tropole qui est propri\u00e9taire de la voirie n\u2019a pas pris la parole), d\u00e9fend la demande d\u2019\u00e9vacuation du campement.\u00a0<\/p>\n<blockquote class=\"ac-article-quote wall-content\">\n<p>Ces deux \u00e9vacuations ont \u00e9t\u00e9 rendues n\u00e9cessaires en raison de probl\u00e8mes r\u00e9currents de<br \/>\ns\u00e9curit\u00e9 envers certaines personnes au sein du campement, mais aussi des passants, de<br \/>\nsalari\u00e9s d\u2019entreprises \u00e0 proximit\u00e9, de professionnels du travail social et du personnel des<br \/>\ncollectivit\u00e9s. Depuis plusieurs semaines, le nombre de personnes pr\u00e9sentes augmente et le<br \/>\nprofil des personnes est de plus en plus vari\u00e9 (\u00e2ge, statut, typologie familiale), renfor\u00e7ant les probl\u00e8mes de s\u00e9curit\u00e9 et de salubrit\u00e9 au sein du campement.<\/p>\n<p>    <strong>Ville de Lyon<\/strong>\n            <\/p><\/blockquote>\n<p class=\" wall-content\">Les autorit\u00e9s \u00e9voquent la pr\u00e9sence de trafic de drogues dures, de l\u2019exploitation humaine via des r\u00e9seaux ill\u00e9gaux et \u00ab\u00a0depuis le d\u00e9but 2025, des tensions et une d\u00e9gradation des conditions sanitaires, engendrant notamment des probl\u00e8mes de salubrit\u00e9 publique, et donc des troubles \u00e0 l\u2019ordre public.\u00a0\u00bb<\/p>\n<p class=\" wall-content\">Le maire Gr\u00e9gory Doucet, critiqu\u00e9 sur sa gauche \u00e0 la suite de cette expulsion (comme pour d\u2019autres squats), r\u00e9p\u00e8te r\u00e9guli\u00e8rement ces derni\u00e8res semaines que le \u00ab\u00a0budget allou\u00e9 \u00e0 l\u2019h\u00e9bergement d\u2019urgence a \u00e9t\u00e9 multipli\u00e9 par 67 depuis le d\u00e9but du mandat, passant de 35 000 \u20ac \u00e0 2,5 millions d\u2019euros.\u00a0\u00bb<\/p>\n<p>\u00ab\u00a0C\u2019est un scandale. Que vont devenir ces gens ?\u00a0\u00bb, s\u2019insurge LFI<\/p>\n<p class=\" wall-content\">Ce dossier \u00e9lectrise encore un peu plus les relations entre \u00e9cologistes et insoumis de la majorit\u00e9 municipale. La France insoumise Lyon s\u2019agace : \u00ab\u00a0C\u2019est un scandale. Que vont devenir ces gens ?\u00a0\u00bb, \u00e9crit le parti sur X ce matin.<\/p>\n<p class=\" wall-content\">\u00ab\u00a0\u00c0 la France Insoumise, notre position est claire : pas d\u2019expulsion sans solution de relogement ! (\u2026) C\u2019est une atteinte \u00e0 la dignit\u00e9. C\u2019est un coup de communication de la pr\u00e9fecture\u00a0\u00bb, d\u00e9nonce Sophie Charrier sur BFM Lyon. \u00ab\u00a0On a \u00e9crit \u00e0 propos de ce campement \u00e0 la pr\u00e9fecture, \u00e0 la Ville et \u00e0 la M\u00e9tropole sur ce qu\u2019ils comptaient faire, on n\u2019a eu aucune r\u00e9ponse (\u2026) Il faut du concret, des h\u00e9bergements, des logements pour ces gens\u00a0\u00bb.<\/p>\n<p class=\" wall-content\">\n<p class=\" wall-content\">Pendant la campagne de 2020, Gr\u00e9gory Doucet et Bruno Bernard promettaient de r\u00e9sorber totalement les bidonvilles et les campements. \u00ab\u00a0Nous augmenterons l\u2019effort collectif pour r\u00e9soudre ces situations indignes : en <strong>fixant un objectif de r\u00e9sorption totale des bidonvilles et campements<\/strong>, par l\u2019occupation temporaire dans des espaces publics vacants et en renfor\u00e7ant l\u2019accompagnement social des personnes\u00a0\u00bb, promettait un <a href=\"https:\/\/www.mediacites.fr\/wp-content\/uploads\/radar\/programme2020-promesses-lyon.pdf\" rel=\"nofollow noopener\" target=\"_blank\">document \u00e9lectoral des Verts<\/a>. Une promesse globalement non tenue.\u00a0<\/p>\n<p class=\" wall-content\">Suivez toute l\u2019actualit\u00e9 de vos villes et m\u00e9dias favoris en vous inscrivant \u00e0 <a href=\"https:\/\/moncompte.actu.fr\" title=\"D\u00e9couvez Mon Actu\" rel=\"nofollow noopener\" data-trk=\"{&quot;cta&quot;:{&quot;action&quot;:&quot;https:\\\/\\\/moncompte.actu.fr&quot;,&quot;category&quot;:&quot;mon compte&quot;,&quot;from&quot;:&quot;article footer&quot;,&quot;name&quot;:&quot;Mon actu&quot;,&quot;type&quot;:&quot;cta&quot;}}\" target=\"_blank\">Mon Actu<\/a>.<\/p>\n","protected":false},"excerpt":{"rendered":"Par Nicolas Zaugra Publi\u00e9 le 22 juil. 2025 \u00e0 16h46 Des riverains soulag\u00e9s, des associations et des militants&hellip;\n","protected":false},"author":2,"featured_media":266690,"comment_status":"","ping_status":"","sticky":false,"template":"","format":"standard","meta":{"footnotes":""},"categories":[1889],"tags":[1111,11,2430,1777,674,1011,27,1061,2428,12,4518,1072,25,104],"class_list":{"0":"post-266689","1":"post","2":"type-post","3":"status-publish","4":"format-standard","5":"has-post-thumbnail","7":"category-lyon","8":"tag-actu","9":"tag-actualites","10":"tag-auvergne-rhone-alpes","11":"tag-eu","12":"tag-europe","13":"tag-fr","14":"tag-france","15":"tag-immigration","16":"tag-lyon","17":"tag-news","18":"tag-pauvrete","19":"tag-police","20":"tag-republique-francaise","21":"tag-societe"},"share_on_mastodon":{"url":"https:\/\/pubeurope.com\/@fr\/114899362984520181","error":""},"_links":{"self":[{"href":"https:\/\/www.europesays.com\/fr\/wp-json\/wp\/v2\/posts\/266689","targetHints":{"allow":["GET"]}}],"collection":[{"href":"https:\/\/www.europesays.com\/fr\/wp-json\/wp\/v2\/posts"}],"about":[{"href":"https:\/\/www.europesays.com\/fr\/wp-json\/wp\/v2\/types\/post"}],"author":[{"embeddable":true,"href":"https:\/\/www.europesays.com\/fr\/wp-json\/wp\/v2\/users\/2"}],"replies":[{"embeddable":true,"href":"https:\/\/www.europesays.com\/fr\/wp-json\/wp\/v2\/comments?post=266689"}],"version-history":[{"count":0,"href":"https:\/\/www.europesays.com\/fr\/wp-json\/wp\/v2\/posts\/266689\/revisions"}],"wp:featuredmedia":[{"embeddable":true,"href":"https:\/\/www.europesays.com\/fr\/wp-json\/wp\/v2\/media\/266690"}],"wp:attachment":[{"href":"https:\/\/www.europesays.com\/fr\/wp-json\/wp\/v2\/media?parent=266689"}],"wp:term":[{"taxonomy":"category","embeddable":true,"href":"https:\/\/www.europesays.com\/fr\/wp-json\/wp\/v2\/categories?post=266689"},{"taxonomy":"post_tag","embeddable":true,"href":"https:\/\/www.europesays.com\/fr\/wp-json\/wp\/v2\/tags?post=266689"}],"curies":[{"name":"wp","href":"https:\/\/api.w.org\/{rel}","templated":true}]}}