{"id":26669,"date":"2025-04-15T13:56:14","date_gmt":"2025-04-15T13:56:14","guid":{"rendered":"https:\/\/www.europesays.com\/fr\/26669\/"},"modified":"2025-04-15T13:56:14","modified_gmt":"2025-04-15T13:56:14","slug":"plus-dun-mois-de-fermetures-attention-aux-bouchons","status":"publish","type":"post","link":"https:\/\/www.europesays.com\/fr\/26669\/","title":{"rendered":"plus d&rsquo;un mois de fermetures, attention aux bouchons"},"content":{"rendered":"<p>            Par<br \/>\n        <strong><br \/>\n            <a href=\"https:\/\/actu.fr\/auteur\/thomas-bernard\" title=\"Consulter tous les articles de Thomas Bernard\" target=\"_blank\" rel=\"noopener\">Thomas Bernard<\/a><br \/>\n        <\/strong><\/p>\n<p>        Publi\u00e9 le<\/p>\n<p>            15 avr. 2025 \u00e0 12h38<br \/>\n        ; mis \u00e0 jour le 15 avr. 2025 \u00e0 13h02    <\/p>\n<p>Quand il n\u2019y en a plus, il y en a encore. <strong>Du lundi 12\u00a0mai au vendredi 27\u00a0juin<\/strong> 2025, des travaux de r\u00e9novation de la chauss\u00e9e sont pr\u00e9vus sur la RN 165 \u00e0 hauteur de Sautron (Loire-Atlantique).<\/p>\n<p class=\" wall-content\">Ce chantier entra\u00eenera des fermetures sur la RN 165 entre <strong>Nantes<\/strong> et Vannes. \u00ab\u2009Des perturbations tr\u00e8s importantes sur la circulation\u2009\u00bb sont attendues selon la Direction interd\u00e9partementale des routes de l\u2019ouest (Dir ouest).<\/p>\n<p>Pourquoi des travaux\u2009?<\/p>\n<p class=\" wall-content\">\u00ab\u2009Les travaux consistent \u00e0 renouveler l\u2019ensemble de la chauss\u00e9e (rabotage, nouvelle couche de roulement), \u00e0 renforcer les dispositifs de retenue, \u00e0 mettre en place une glissi\u00e8re b\u00e9ton sur l\u2019ouvrage de la route de Brimberne, \u00e0 poser des enrob\u00e9s \u00e0 haute performance acoustique pour limiter les nuisances sonores pour les riverains, et \u00e0 refaire le marquage au sol\u2009\u00bb, d\u00e9taille la Dir Ouest.<\/p>\n<p>      <img   decoding=\"async\" loading=\"lazy\" src=\"https:\/\/www.europesays.com\/fr\/wp-content\/uploads\/2025\/04\/capture-decran-renovation-chaussee-sautron-960x637.jpg\" alt=\"Les d\u00e9viations dans le sens Nantes-Vannes. \" width=\"960\" height=\"637\"\/><br \/>\n    Les d\u00e9viations (en bleu) dans le sens Nantes-Vannes. (\u00a9Dir ouest)Vid\u00e9os : en ce moment sur ActuQuelles incidences pour les usagers\u2009?<\/p>\n<p class=\" wall-content\">Les travaux se d\u00e9rouleront en <strong>deux phases avec des fermetures,<\/strong> week-end compris. Des d\u00e9viations seront mises en place dans les deux sens de circulation\u2009:<\/p>\n<ul class=\" wall-content\">\n<li>Du 12 au 28\u00a0mai\u2009: fermeture de la RN 165 <strong>dans le sens Vannes-Nantes<\/strong> et fermeture de la bretelle de sortie \u00e0 l\u2019\u00e9changeur de l\u2019Esp\u00e9rance. Ces mesures seront lev\u00e9es pendant le week-end de l\u2019Ascension du jeudi 29\u00a0mai au dimanche 1er\u00a0juin inclus.<\/li>\n<li>Du 2 au 27\u00a0juin\u2009: fermeture de la RN 165 <strong>dans le sens Nantes-Vannes<\/strong> et fermeture de la bretelle d\u2019entr\u00e9e \u00e0 l\u2019\u00e9changeur de l\u2019Esp\u00e9rance. Ces restrictions seront maintenues pendant le week-end de la Pentec\u00f4te.<\/li>\n<\/ul>\n<p>      <img   decoding=\"async\" loading=\"lazy\" src=\"https:\/\/www.europesays.com\/fr\/wp-content\/uploads\/2025\/04\/travaux-peripherique-nantes-en-direction-de-vannes-960x640.png\" alt=\"Le plan de circulation pendant la fermeture de la RN165 en direction de Vannes du 2 juin au 25 juin (week-end compris).\" width=\"960\" height=\"640\"\/><br \/>\n    Le plan de circulation pendant la fermeture de la RN165 en direction de Vannes du 2 juin au 27 juin (week-end compris). (\u00a9Dir Ouest)\u00ab\u2009Reporter ou adapter leurs d\u00e9placements\u2009\u00bb<\/p>\n<p class=\" wall-content\">\u00ab\u2009Cette seconde p\u00e9riode sera particuli\u00e8rement contraignante, avec des remont\u00e9es de bouchons tr\u00e8s importantes le p\u00e9riph\u00e9rique ouest de Nantes, en particulier aux heures de pointe\u2009\u00bb, annonce la Dir Ouest.<\/p>\n<p class=\" wall-content\">La Dir Ouest \u00ab\u2009recommande vivement aux automobilistes\u2009\u00bb de reporter ou d\u2019adapter leurs d\u00e9placements durant cette p\u00e9riode si cela est possible.<\/p>\n<p class=\" wall-content\">La direction interd\u00e9partementale appelle \u00e0 la prudence des automobilistes et au respect de la signalisation pour pr\u00e9server la s\u00e9curit\u00e9 des agents engag\u00e9s.<\/p>\n<p class=\" wall-content\">Suivez toute l\u2019actualit\u00e9 de vos villes et m\u00e9dias favoris en vous inscrivant \u00e0 <a href=\"https:\/\/moncompte.actu.fr\" title=\"D\u00e9couvez Mon Actu\" rel=\"nofollow noopener\" data-trk=\"{&quot;cta&quot;:{&quot;action&quot;:&quot;https:\\\/\\\/moncompte.actu.fr&quot;,&quot;category&quot;:&quot;mon compte&quot;,&quot;from&quot;:&quot;article footer&quot;,&quot;name&quot;:&quot;Mon actu&quot;,&quot;type&quot;:&quot;cta&quot;}}\" target=\"_blank\">Mon Actu<\/a>.<\/p>\n","protected":false},"excerpt":{"rendered":"Par Thomas Bernard Publi\u00e9 le 15 avr. 2025 \u00e0 12h38 ; mis \u00e0 jour le 15 avr. 2025&hellip;\n","protected":false},"author":2,"featured_media":26670,"comment_status":"","ping_status":"","sticky":false,"template":"","format":"standard","meta":{"footnotes":""},"categories":[2818],"tags":[1111,11,1777,674,1011,27,803,766,12,2636,4013,25,104,2086],"class_list":{"0":"post-26669","1":"post","2":"type-post","3":"status-publish","4":"format-standard","5":"has-post-thumbnail","7":"category-nantes","8":"tag-actu","9":"tag-actualites","10":"tag-eu","11":"tag-europe","12":"tag-fr","13":"tag-france","14":"tag-info-trafic","15":"tag-nantes","16":"tag-news","17":"tag-pays-de-la-loire","18":"tag-peripherique","19":"tag-republique-francaise","20":"tag-societe","21":"tag-travaux"},"share_on_mastodon":{"url":"https:\/\/pubeurope.com\/@fr\/114342329500724826","error":""},"_links":{"self":[{"href":"https:\/\/www.europesays.com\/fr\/wp-json\/wp\/v2\/posts\/26669","targetHints":{"allow":["GET"]}}],"collection":[{"href":"https:\/\/www.europesays.com\/fr\/wp-json\/wp\/v2\/posts"}],"about":[{"href":"https:\/\/www.europesays.com\/fr\/wp-json\/wp\/v2\/types\/post"}],"author":[{"embeddable":true,"href":"https:\/\/www.europesays.com\/fr\/wp-json\/wp\/v2\/users\/2"}],"replies":[{"embeddable":true,"href":"https:\/\/www.europesays.com\/fr\/wp-json\/wp\/v2\/comments?post=26669"}],"version-history":[{"count":0,"href":"https:\/\/www.europesays.com\/fr\/wp-json\/wp\/v2\/posts\/26669\/revisions"}],"wp:featuredmedia":[{"embeddable":true,"href":"https:\/\/www.europesays.com\/fr\/wp-json\/wp\/v2\/media\/26670"}],"wp:attachment":[{"href":"https:\/\/www.europesays.com\/fr\/wp-json\/wp\/v2\/media?parent=26669"}],"wp:term":[{"taxonomy":"category","embeddable":true,"href":"https:\/\/www.europesays.com\/fr\/wp-json\/wp\/v2\/categories?post=26669"},{"taxonomy":"post_tag","embeddable":true,"href":"https:\/\/www.europesays.com\/fr\/wp-json\/wp\/v2\/tags?post=26669"}],"curies":[{"name":"wp","href":"https:\/\/api.w.org\/{rel}","templated":true}]}}