{"id":266694,"date":"2025-07-22T23:02:11","date_gmt":"2025-07-22T23:02:11","guid":{"rendered":"https:\/\/www.europesays.com\/fr\/266694\/"},"modified":"2025-07-22T23:02:11","modified_gmt":"2025-07-22T23:02:11","slug":"previsions-du-mercredi-23-juillet-2025","status":"publish","type":"post","link":"https:\/\/www.europesays.com\/fr\/266694\/","title":{"rendered":"pr\u00e9visions du mercredi 23 juillet 2025"},"content":{"rendered":"<p>Les nuages \u00e0 pr\u00e9voir aujourd&rsquo;hui, \u00e0 Paris, et un ciel encore maussade. Les valeurs afficheront entre 15 et 23\u00b0C. On notera la pr\u00e9sence persistante de nuages le matin. Il faudra pr\u00e9voir son parapluie pour se prot\u00e9ger des pluies \u00e9parses. Un vent de sud-ouest rafra\u00eechira l\u00e9g\u00e8rement l&rsquo;atmosph\u00e8re. De l\u00e9g\u00e8res averses rendront l&rsquo;apr\u00e8s-midi morose. Les temp\u00e9ratures s&rsquo;\u00e9chelonneront entre 17 et 23\u00b0C. Il faudra s&rsquo;attendre \u00e0 des perturbations le soir, les Parisiens se retrouveront sous des pluies \u00e9parses. On anticipe des valeurs d&rsquo;environ 17\u00b0C. On passera de mercredi \u00e0 jeudi par une nuit claire.<\/p>\n<p>Il y a un risque d&rsquo;averses \u00e0 Paris demain. Une baisse des temp\u00e9ratures est \u00e0 pr\u00e9voir. Il va faire environ 18\u00b0C. Une l\u00e9g\u00e8re brise de nord-ouest sera ressentie par les habitants. Il fera 18\u00b0C en moyenne le matin. Les temp\u00e9ratures seront de 20\u00b0C au plus bas et de 22\u00b0C au maximum l&rsquo;apr\u00e8s-midi. La soir\u00e9e va rester grise \u00e0 cause de nuages qui perdurent dans le ciel. Il va pleuvoir. Les valeurs tourneront autour des 18\u00b0C.<\/p>\n<p>La m\u00e9t\u00e9o des journ\u00e9es qui suivent va \u00e9voluer progressivement. M\u00eame si le mauvais temps persistera quelque peu vendredi, il faut s&rsquo;attendre \u00e0 une am\u00e9lioration ensuite.<\/p>\n<p><\/p>\n","protected":false},"excerpt":{"rendered":"Les nuages \u00e0 pr\u00e9voir aujourd&rsquo;hui, \u00e0 Paris, et un ciel encore maussade. Les valeurs afficheront entre 15 et&hellip;\n","protected":false},"author":2,"featured_media":266695,"comment_status":"","ping_status":"","sticky":false,"template":"","format":"standard","meta":{"footnotes":""},"categories":[1888],"tags":[11,1777,674,1011,27,662,12,626,2119,25],"class_list":{"0":"post-266694","1":"post","2":"type-post","3":"status-publish","4":"format-standard","5":"has-post-thumbnail","7":"category-paris","8":"tag-actualites","9":"tag-eu","10":"tag-europe","11":"tag-fr","12":"tag-france","13":"tag-ile-de-france","14":"tag-news","15":"tag-paris","16":"tag-previsions-meteo","17":"tag-republique-francaise"},"share_on_mastodon":{"url":"https:\/\/pubeurope.com\/@fr\/114899382657791422","error":""},"_links":{"self":[{"href":"https:\/\/www.europesays.com\/fr\/wp-json\/wp\/v2\/posts\/266694","targetHints":{"allow":["GET"]}}],"collection":[{"href":"https:\/\/www.europesays.com\/fr\/wp-json\/wp\/v2\/posts"}],"about":[{"href":"https:\/\/www.europesays.com\/fr\/wp-json\/wp\/v2\/types\/post"}],"author":[{"embeddable":true,"href":"https:\/\/www.europesays.com\/fr\/wp-json\/wp\/v2\/users\/2"}],"replies":[{"embeddable":true,"href":"https:\/\/www.europesays.com\/fr\/wp-json\/wp\/v2\/comments?post=266694"}],"version-history":[{"count":0,"href":"https:\/\/www.europesays.com\/fr\/wp-json\/wp\/v2\/posts\/266694\/revisions"}],"wp:featuredmedia":[{"embeddable":true,"href":"https:\/\/www.europesays.com\/fr\/wp-json\/wp\/v2\/media\/266695"}],"wp:attachment":[{"href":"https:\/\/www.europesays.com\/fr\/wp-json\/wp\/v2\/media?parent=266694"}],"wp:term":[{"taxonomy":"category","embeddable":true,"href":"https:\/\/www.europesays.com\/fr\/wp-json\/wp\/v2\/categories?post=266694"},{"taxonomy":"post_tag","embeddable":true,"href":"https:\/\/www.europesays.com\/fr\/wp-json\/wp\/v2\/tags?post=266694"}],"curies":[{"name":"wp","href":"https:\/\/api.w.org\/{rel}","templated":true}]}}