{"id":266698,"date":"2025-07-22T23:04:18","date_gmt":"2025-07-22T23:04:18","guid":{"rendered":"https:\/\/www.europesays.com\/fr\/266698\/"},"modified":"2025-07-22T23:04:18","modified_gmt":"2025-07-22T23:04:18","slug":"la-consultation-de-contenus-extremistes-sanctionnee-par-une-amende","status":"publish","type":"post","link":"https:\/\/www.europesays.com\/fr\/266698\/","title":{"rendered":"la consultation de contenus \u00abextr\u00e9mistes\u00bb sanctionn\u00e9e par une amende"},"content":{"rendered":"<p>En Russie, les d\u00e9put\u00e9s ont vot\u00e9 mardi 22 juillet la sanction par une amende pour la consultation de contenus en ligne jug\u00e9s extr\u00e9mistes par les autorit\u00e9s. Une nouvelle \u00e9tape dans le renforcement de la surveillance d\u2019internet dans le pays qui, de surcro\u00eet, fournit des moyens suppl\u00e9mentaires de r\u00e9pression aux autorit\u00e9s.<\/p>\n<p>Avec notre correspondant \u00e0 Moscou, <strong>Jean-Didier Revoin<\/strong><\/p>\n<p>Les d\u00e9put\u00e9s russes de la Douma ont ratifi\u00e9 mardi 22 juillet \u00e0 une tr\u00e8s large majorit\u00e9 toute une s\u00e9rie d\u2019amendements qui pourraient marquer un tournant dans le contr\u00f4le de l\u2019espace num\u00e9rique apr\u00e8s le blocage de nombreux m\u00e9dias ind\u00e9pendants ou de plateformes comme YouTube ou Facebook.<\/p>\n<p>Les parlementaires a adopt\u00e9 le texte avec 306 voix pour, 67 contre et 22 abstentions. Deux groupes parlementaires ont vot\u00e9 contre. \u00ab Les gens ne veulent pas de cette loi \u00bb, a ainsi lanc\u00e9 le vice-pr\u00e9sident de la Douma Vladislav Davankov, membre du parti \u00ab Nouvelles personnes \u00bb, la seule formation au Parlement d&rsquo;orientation lib\u00e9rale, en appelant les \u00e9lus \u00e0 s&rsquo;y opposer.<\/p>\n<p>D\u00e8s le 1er septembre, la recherche d\u00e9lib\u00e9r\u00e9e de mat\u00e9riel extr\u00e9miste sur internet pourrait \u00eatre passible d\u2019amendes allant de 35 \u00e0 55 euros. L\u2019utilisation d\u2019un VPN pour acc\u00e9der \u00e0 ces informations sera en outre consid\u00e9r\u00e9e comme une circonstance aggravante.<\/p>\n<p>Censure et surveillance d&rsquo;internet<\/p>\n<p>Officiellement, ces nouveaux am\u00e9nagements visent \u00e0 lutter contre la fraude et les d\u00e9lits li\u00e9s au transfert de num\u00e9ros de t\u00e9l\u00e9phone et de comptes. Mais les opposants d\u00e9noncent le fait qu\u2019une personne soit punie pour avoir pris connaissance d\u2019une information consid\u00e9r\u00e9e comme extr\u00e9miste, d\u2019autant plus qu\u2019il revient au minist\u00e8re de la Justice de d\u00e9finir les contenus \u00ab extr\u00e9mistes \u00bb, de mani\u00e8re plut\u00f4t arbitraire. Le fonds pour la lutte contre la corruption d\u2019<a href=\"https:\/\/www.rfi.fr\/fr\/tag\/alexe\u00ef-navalny\/\" rel=\"nofollow noopener\" target=\"_blank\" data-ylk=\"slk:Alexe\u00ef Navalny;elm:context_link;itc:0;sec:content-canvas\" class=\"link \"><strong>Alexe\u00ef Navalny<\/strong><\/a> et le mouvement <a href=\"https:\/\/www.rfi.fr\/fr\/tag\/lgbt\/\" rel=\"nofollow noopener\" target=\"_blank\" data-ylk=\"slk:LGBT+;elm:context_link;itc:0;sec:content-canvas\" class=\"link \"><strong>LGBT+<\/strong><\/a> sont par exemple consid\u00e9r\u00e9s comme extr\u00e9mistes.<\/p>\n<p>Le repr\u00e9sentant du Parti communiste Artiom Prokofiev a \u00e9galement critiqu\u00e9 le projet, alors que le pr\u00e9sident de la Douma Viatcheslav Volodine l&rsquo;a, lui, fermement d\u00e9fendu, arguant qu&rsquo;il permettrait de s&rsquo;opposer en <strong><a href=\"https:\/\/www.rfi.fr\/fr\/tag\/russie\/\" class=\"link \" rel=\"nofollow noopener\" target=\"_blank\" data-ylk=\"slk:Russie;elm:context_link;itc:0;sec:content-canvas\">Russie<\/a><\/strong> \u00e0 \u00ab des plateformes en ligne occidentales, entre les mains de pays inamicaux, qui ont \u00e9galement lanc\u00e9 des sanctions contre nous \u00bb.<\/p>\n<p>Les amendements ont \u00e9t\u00e9 transmis au S\u00e9nat russe pour examen et ce n\u2019est qu\u2019apr\u00e8s leur promulgation par Vladimir Poutine qu\u2019ils entreront en vigueur.<\/p>\n<p>\u00c0 lire aussi<a href=\"https:\/\/www.rfi.fr\/fr\/europe\/20250709-la-cedh-condamne-la-russie-pour-de-multiples-violations-des-droits-humains-en-ukraine\" class=\"link \" rel=\"nofollow noopener\" target=\"_blank\" data-ylk=\"slk:La CEDH condamne la Russie pour de multiples violations des droits humains en Ukraine;elm:context_link;itc:0;sec:content-canvas\">La CEDH condamne la Russie pour de multiples violations des droits humains en Ukraine<\/a><\/p>\n","protected":false},"excerpt":{"rendered":"En Russie, les d\u00e9put\u00e9s ont vot\u00e9 mardi 22 juillet la sanction par une amende pour la consultation de&hellip;\n","protected":false},"author":2,"featured_media":266699,"comment_status":"","ping_status":"","sticky":false,"template":"","format":"standard","meta":{"footnotes":""},"categories":[1591],"tags":[11,40614,1887,9149,12,1885,1886,132],"class_list":{"0":"post-266698","1":"post","2":"type-post","3":"status-publish","4":"format-standard","5":"has-post-thumbnail","7":"category-russie","8":"tag-actualites","9":"tag-extremistes","10":"tag-federation-de-russie","11":"tag-ministere-de-la-justice","12":"tag-news","13":"tag-russia","14":"tag-russian-federation","15":"tag-russie"},"share_on_mastodon":{"url":"https:\/\/pubeurope.com\/@fr\/114899390574028611","error":""},"_links":{"self":[{"href":"https:\/\/www.europesays.com\/fr\/wp-json\/wp\/v2\/posts\/266698","targetHints":{"allow":["GET"]}}],"collection":[{"href":"https:\/\/www.europesays.com\/fr\/wp-json\/wp\/v2\/posts"}],"about":[{"href":"https:\/\/www.europesays.com\/fr\/wp-json\/wp\/v2\/types\/post"}],"author":[{"embeddable":true,"href":"https:\/\/www.europesays.com\/fr\/wp-json\/wp\/v2\/users\/2"}],"replies":[{"embeddable":true,"href":"https:\/\/www.europesays.com\/fr\/wp-json\/wp\/v2\/comments?post=266698"}],"version-history":[{"count":0,"href":"https:\/\/www.europesays.com\/fr\/wp-json\/wp\/v2\/posts\/266698\/revisions"}],"wp:featuredmedia":[{"embeddable":true,"href":"https:\/\/www.europesays.com\/fr\/wp-json\/wp\/v2\/media\/266699"}],"wp:attachment":[{"href":"https:\/\/www.europesays.com\/fr\/wp-json\/wp\/v2\/media?parent=266698"}],"wp:term":[{"taxonomy":"category","embeddable":true,"href":"https:\/\/www.europesays.com\/fr\/wp-json\/wp\/v2\/categories?post=266698"},{"taxonomy":"post_tag","embeddable":true,"href":"https:\/\/www.europesays.com\/fr\/wp-json\/wp\/v2\/tags?post=266698"}],"curies":[{"name":"wp","href":"https:\/\/api.w.org\/{rel}","templated":true}]}}