{"id":266700,"date":"2025-07-22T23:05:13","date_gmt":"2025-07-22T23:05:13","guid":{"rendered":"https:\/\/www.europesays.com\/fr\/266700\/"},"modified":"2025-07-22T23:05:13","modified_gmt":"2025-07-22T23:05:13","slug":"en-russie-des-vigiles-nationalistes-patrouillent-pour-combler-le-manque-de-policiers","status":"publish","type":"post","link":"https:\/\/www.europesays.com\/fr\/266700\/","title":{"rendered":"En Russie, des vigiles nationalistes patrouillent pour combler le manque de policiers"},"content":{"rendered":"\n<p>\u00c0 Novossibirsk, dans le centre de la Russie, o\u00f9 40\u00a0% des postes de policiers patrouilleurs sont vacants, des hommes v\u00eatus de noir et arm\u00e9s de matraques font irruption sur un chantier, embarquent des ouvriers migrants et les conduisent \u00e0 la police pour un contr\u00f4le d\u2019identit\u00e9. La sc\u00e8ne, film\u00e9e et diffus\u00e9e sur les r\u00e9seaux sociaux, est devenue banale.<\/p>\n<p>Ces \u201cinterventions\u201d sont men\u00e9es par des groupes de civils issus d\u2019organisations nationalistes d\u2019extr\u00eame droite. Le plus influent d\u2019entre elles est Rousska\u00efa Obchtchina (\u201cCommunaut\u00e9 russe\u201d), qui a profit\u00e9 de l\u2019effondrement des effectifs policiers mobilis\u00e9s ou attir\u00e9s par des primes militaires plus \u00e9lev\u00e9es. <a class=\"ithalc\" data-ithal=\"lien_externe\" data-ithalc=\"[nav_article]\" target=\"_blank\" href=\"https:\/\/www.wsj.com\/world\/russia\/nationalist-vigilantes-are-now-policing-russias-streets-02732125\" rel=\"noopener\">Selon le quotidien new-yorkais <strong>The Wall Street Journal<\/strong><\/a><strong>, <\/strong>ce groupe de citoyens vigilants revendique \u201c150 sections r\u00e9parties sur les 11 fuseaux horaires que compte la Russie\u201d.<\/p>\n<p>               \u201cDispos\u00e9s \u00e0 pr\u00eater main-forte\u201d       <\/p>\n<p>Dans certaines villes, jusqu\u2019\u00e0 la moiti\u00e9 des effectifs de police a disparu. Selon le minist\u00e8re de l\u2019Int\u00e9rieur russe, cit\u00e9 par le journal am\u00e9ricain, l\u2019\u00c9tat a perdu 33\u00a0000 agents en un an, et peine \u00e0 en recruter 172\u00a0000 autres. Tandis que le FSB, service de s\u00e9curit\u00e9 int\u00e9rieure russe, concentre ses efforts sur la lutte contre les actes de sabotage ou la dissidence antiguerre, le maintien de l\u2019ordre quotidien est, de fait, d\u00e9l\u00e9gu\u00e9 \u00e0 ces milices improvis\u00e9es.<\/p>\n<p>Dans ce vide s\u00e9curitaire, Rousska\u00efa Obchtchina prosp\u00e8re. L\u2019organisation se pr\u00e9sente comme une association patriotique. Elle nettoie des parcs, intervient dans des disputes de voisinage, surveillant les rues de Sib\u00e9rie la nuit. \u201cNous avons compris que la police manquait d\u2019effectifs, justifie Andre\u00ef Tkachuk, \u00e9lu local et cofondateur du groupe. Nous sommes dispos\u00e9s \u00e0 pr\u00eater main-forte.\u201d<\/p>\n<p>Mais cette initiative d\u00e9passe souvent le simple soutien aux forces de l\u2019ordre. Selon The Wall Street Journal, des membres du groupe ont men\u00e9 des descentes dans des logements de migrants, interrompu des soir\u00e9es LGBTQ +, organis\u00e9 des raids contre des clubs de nuit ou encore transport\u00e9 de force des gens vers les bureaux de conscription.<\/p>\n<p>Les autorit\u00e9s russes, elles, ne condamnent pas ces pratiques. Au contraire, le pr\u00e9sident du Comit\u00e9 d\u2019enqu\u00eate russe (l\u2019institution f\u00e9d\u00e9rale charg\u00e9e des principales investigations en Russie) a publiquement salu\u00e9 ses actions qui servent d\u2019exemples \u00e0 d\u2019autres r\u00e9gions. Dans l\u2019Extr\u00eame-Orient russe, le gouverneur du kra\u00ef du Primori\u00e9 a cr\u00e9\u00e9 une unit\u00e9 de volontaires appel\u00e9e Tigre et compos\u00e9e de v\u00e9t\u00e9rans de la marine. \u00c0 Tioumen, dans l\u2019Oural, d\u2019anciens soldats patrouillent sous le nom Rousska\u00efa Droujina (\u201cCompagnie russe\u201d) avec l\u2019aide de Konstantin Malofe\u00efev, oligarque russe partisan du s\u00e9paratisme en Crim\u00e9e occup\u00e9e.<\/p>\n<p>\u201cCela pourrait aussi se retourner contre l\u2019\u00c9tat russe puisqu\u2019il est en train de d\u00e9l\u00e9guer son monopole de la violence\u201d, alerte Vera Alperovich, experte au centre Sova, sp\u00e9cialis\u00e9 dans l\u2019\u00e9tude du racisme et de la x\u00e9nophobie. Dans un pays o\u00f9 pr\u00e8s de 200 minorit\u00e9s officielles cohabitent, le recours \u00e0 des groupes pr\u00f4nant un nationalisme est \u201c\u00e0 double tranchant\u201d, note le quotidien am\u00e9ricain. D\u2019autant plus que cette prolif\u00e9ration de milices, qui s\u2019attaquent aux minorit\u00e9s, va \u00e0 l\u2019encontre du discours officiel de Moscou justifiant la guerre contre l\u2019Ukraine cens\u00e9e \u201clutter contre le fascisme\u201d.<\/p>\n","protected":false},"excerpt":{"rendered":"\u00c0 Novossibirsk, dans le centre de la Russie, o\u00f9 40\u00a0% des postes de policiers patrouilleurs sont vacants, des&hellip;\n","protected":false},"author":2,"featured_media":266701,"comment_status":"","ping_status":"","sticky":false,"template":"","format":"standard","meta":{"footnotes":""},"categories":[1590],"tags":[11,1777,674,19865,27898,12,132,1857,220],"class_list":{"0":"post-266700","1":"post","2":"type-post","3":"status-publish","4":"format-standard","5":"has-post-thumbnail","7":"category-ukraine","8":"tag-actualites","9":"tag-eu","10":"tag-europe","11":"tag-migrants-et-flux-migratoires","12":"tag-nationalisme","13":"tag-news","14":"tag-russie","15":"tag-sociu00e9tu00e9","16":"tag-ukraine"},"share_on_mastodon":{"url":"https:\/\/pubeurope.com\/@fr\/114899394414255464","error":""},"_links":{"self":[{"href":"https:\/\/www.europesays.com\/fr\/wp-json\/wp\/v2\/posts\/266700","targetHints":{"allow":["GET"]}}],"collection":[{"href":"https:\/\/www.europesays.com\/fr\/wp-json\/wp\/v2\/posts"}],"about":[{"href":"https:\/\/www.europesays.com\/fr\/wp-json\/wp\/v2\/types\/post"}],"author":[{"embeddable":true,"href":"https:\/\/www.europesays.com\/fr\/wp-json\/wp\/v2\/users\/2"}],"replies":[{"embeddable":true,"href":"https:\/\/www.europesays.com\/fr\/wp-json\/wp\/v2\/comments?post=266700"}],"version-history":[{"count":0,"href":"https:\/\/www.europesays.com\/fr\/wp-json\/wp\/v2\/posts\/266700\/revisions"}],"wp:featuredmedia":[{"embeddable":true,"href":"https:\/\/www.europesays.com\/fr\/wp-json\/wp\/v2\/media\/266701"}],"wp:attachment":[{"href":"https:\/\/www.europesays.com\/fr\/wp-json\/wp\/v2\/media?parent=266700"}],"wp:term":[{"taxonomy":"category","embeddable":true,"href":"https:\/\/www.europesays.com\/fr\/wp-json\/wp\/v2\/categories?post=266700"},{"taxonomy":"post_tag","embeddable":true,"href":"https:\/\/www.europesays.com\/fr\/wp-json\/wp\/v2\/tags?post=266700"}],"curies":[{"name":"wp","href":"https:\/\/api.w.org\/{rel}","templated":true}]}}