{"id":266704,"date":"2025-07-22T23:07:31","date_gmt":"2025-07-22T23:07:31","guid":{"rendered":"https:\/\/www.europesays.com\/fr\/266704\/"},"modified":"2025-07-22T23:07:31","modified_gmt":"2025-07-22T23:07:31","slug":"satellites-eutelsat-signe-un-accord-avec-le-gouvernement-britannique","status":"publish","type":"post","link":"https:\/\/www.europesays.com\/fr\/266704\/","title":{"rendered":"Satellites: Eutelsat signe un accord avec le gouvernement britannique"},"content":{"rendered":"<p class=\"ap-StoryElement ap-StoryElement--mb ap-StoryText\">L&rsquo;acc\u00e8s aux outils d&rsquo;Eutelsat se fait \u00e0 travers l&rsquo;interm\u00e9diaire de NSSLGlobal, acteur britannique des t\u00e9l\u00e9communications par satellite destin\u00e9es aux march\u00e9s du transport maritime, des entreprises et de la d\u00e9fense, qui \u00ab\u00a0assurera la gestion de bout en bout des services\u00a0\u00bb, a-t-elle ajout\u00e9.<\/p>\n<p class=\"ap-StoryElement ap-StoryElement--mb ap-StoryText\">Cette annonce a lieu apr\u00e8s que Londres a inject\u00e9 163 millions d&rsquo;euros dans Eutelsat aux c\u00f4t\u00e9s de l&rsquo;\u00c9tat fran\u00e7ais en juillet, dans le cadre d&rsquo;une augmentation de capital de 1,5 milliard d&rsquo;euros.<\/p>\n<p class=\"ap-StoryElement ap-StoryElement--mb ap-StoryText\">Deuxi\u00e8me op\u00e9rateur mondial de satellites en orbite basse, Eutelsat est consid\u00e9r\u00e9 par le Royaume-Uni et la France comme un acteur strat\u00e9gique de la connectivit\u00e9 spatiale, souvent pr\u00e9sent\u00e9 comme une solution alternative europ\u00e9enne \u00e0 l&rsquo;am\u00e9ricain Starlink.<\/p>\n","protected":false},"excerpt":{"rendered":"L&rsquo;acc\u00e8s aux outils d&rsquo;Eutelsat se fait \u00e0 travers l&rsquo;interm\u00e9diaire de NSSLGlobal, acteur britannique des t\u00e9l\u00e9communications par satellite destin\u00e9es&hellip;\n","protected":false},"author":2,"featured_media":2837,"comment_status":"","ping_status":"","sticky":false,"template":"","format":"standard","meta":{"footnotes":""},"categories":[1588],"tags":[11,312,313,386,1777,674,12,473,1853,42,1851,1850,1852],"class_list":{"0":"post-266704","1":"post","2":"type-post","3":"status-publish","4":"format-standard","5":"has-post-thumbnail","7":"category-royaume-uni","8":"tag-actualites","9":"tag-diplomatie","10":"tag-entreprises","11":"tag-espace","12":"tag-eu","13":"tag-europe","14":"tag-news","15":"tag-royaume-uni","16":"tag-royaume-uni-de-grande-bretagne-et-dirlande-du-nord","17":"tag-technologies","18":"tag-uk","19":"tag-united-kingdom","20":"tag-united-kingdom-of-great-britain-and-northern-ireland"},"share_on_mastodon":{"url":"https:\/\/pubeurope.com\/@fr\/114899402271074836","error":""},"_links":{"self":[{"href":"https:\/\/www.europesays.com\/fr\/wp-json\/wp\/v2\/posts\/266704","targetHints":{"allow":["GET"]}}],"collection":[{"href":"https:\/\/www.europesays.com\/fr\/wp-json\/wp\/v2\/posts"}],"about":[{"href":"https:\/\/www.europesays.com\/fr\/wp-json\/wp\/v2\/types\/post"}],"author":[{"embeddable":true,"href":"https:\/\/www.europesays.com\/fr\/wp-json\/wp\/v2\/users\/2"}],"replies":[{"embeddable":true,"href":"https:\/\/www.europesays.com\/fr\/wp-json\/wp\/v2\/comments?post=266704"}],"version-history":[{"count":0,"href":"https:\/\/www.europesays.com\/fr\/wp-json\/wp\/v2\/posts\/266704\/revisions"}],"wp:featuredmedia":[{"embeddable":true,"href":"https:\/\/www.europesays.com\/fr\/wp-json\/wp\/v2\/media\/2837"}],"wp:attachment":[{"href":"https:\/\/www.europesays.com\/fr\/wp-json\/wp\/v2\/media?parent=266704"}],"wp:term":[{"taxonomy":"category","embeddable":true,"href":"https:\/\/www.europesays.com\/fr\/wp-json\/wp\/v2\/categories?post=266704"},{"taxonomy":"post_tag","embeddable":true,"href":"https:\/\/www.europesays.com\/fr\/wp-json\/wp\/v2\/tags?post=266704"}],"curies":[{"name":"wp","href":"https:\/\/api.w.org\/{rel}","templated":true}]}}