{"id":266707,"date":"2025-07-22T23:11:09","date_gmt":"2025-07-22T23:11:09","guid":{"rendered":"https:\/\/www.europesays.com\/fr\/266707\/"},"modified":"2025-07-22T23:11:09","modified_gmt":"2025-07-22T23:11:09","slug":"souverainete-et-defense-europeenne-au-menu-du-diner-entre-macron-et-merz-ce-mercredi-a-berlin","status":"publish","type":"post","link":"https:\/\/www.europesays.com\/fr\/266707\/","title":{"rendered":"Souverainet\u00e9 et d\u00e9fense europ\u00e9enne au menu du d\u00eener entre Macron et Merz, ce mercredi \u00e0 Berlin"},"content":{"rendered":"<p>Le chancelier allemand <a target=\"_self\" href=\"https:\/\/www.lanouvellerepublique.fr\/a-la-une\/homme-du-passe-jet-prive-et-tabou-brise-qui-est-friedrich-merz-le-futur-chancelier-de-l-allemagne-1740381199\" rel=\"nofollow noopener\">Friedrich Merz<\/a>\u00a0et le pr\u00e9sident fran\u00e7ais Emmanuel Macron doivent se rencontrer pour la deuxi\u00e8me fois mercredi 23\u00a0juillet 2025. Ce d\u00e9placement du pr\u00e9sident \u00e0 Berlin\u00a0doit \u00ab\u00a0pr\u00e9parer la r\u00e9union du conseil des ministres franco-allemands (CMFA), qui aura lieu \u00e0 la fin du mois d\u2019ao\u00fbt\u00a0\u00bb, a annonc\u00e9 l\u2019Elys\u00e9e mardi.\u00a0Emmanuel Macron continuera sur la lanc\u00e9e de la feuille de route franco-allemande d\u00e9finie le 7\u00a0mai. Les deux hommes doivent \u00e9changer autour de\u00a0la comp\u00e9titivit\u00e9, la s\u00e9curit\u00e9 et la d\u00e9fense europ\u00e9ennes ainsi que la poursuite des r\u00e9formes \u00e9conomiques et sociales men\u00e9es actuellement par les deux pays.<\/p>\n<p>D\u00e8s le lendemain de sa <a target=\"_self\" href=\"https:\/\/www.lanouvellerepublique.fr\/a-la-une\/allemagne-la-victoire-de-friedrich-merz-est-une-bonne-nouvelle-pour-le-couple-franco-allemand-1740421080\" rel=\"nofollow noopener\">prise de pouvoir, le 6\u00a0mai 2025<\/a>, le nouveau chancelier allemand avait rendu visite \u00e0 Emmanuel Macron \u00e0 l\u2019\u00c9lys\u00e9e. Ils avaient r\u00e9tabli le \u00ab\u00a0couple franco-allemand\u00a0\u00bb et r\u00e9affirm\u00e9 \u00ab\u00a0les priorit\u00e9s communes des deux \u00c9tats\u00a0\u00bb dans une d\u00e9claration conjointe, indique <a target=\"_blank\" href=\"https:\/\/www.elysee.fr\/emmanuel-macron\/2025\/05\/07\/entretien-avec-friedrich-merz-chancelier-de-la-republique-federale-dallemagne\" rel=\"nofollow noopener\">l\u2019\u00c9lys\u00e9e<\/a>. \u00ab\u00a0Nous voulons r\u00e9pondre ensemble aux d\u00e9fis que l\u2019Europe affronte. Nous voulons agir sur les sujets prioritaires \u00e0 nos yeux, la souverainet\u00e9, la s\u00e9curit\u00e9, la comp\u00e9titivit\u00e9\u00a0\u00bb\u00a0avait alors annonc\u00e9 le pr\u00e9sident fran\u00e7ais&#8230;. <\/p>\n<p>    Cet article a \u00e9t\u00e9 tronqu\u00e9. Abonnez-vous pour lire l&rsquo;article complet sur notre site.<\/p>\n<p style=\"margin: 0 !important; padding: 0 !important; font-size: 12px !important;\">Cet article a \u00e9t\u00e9 tronqu\u00e9. Abonnez-vous pour lire l&rsquo;article complet.<\/p>\n<p>    <a href=\"https:\/\/www.lanouvellerepublique.fr\/abonnements\" style=\"display: inline-block; margin-top: 5px !important; padding: 6px 12px !important; background: #cb1c27; color: white; text-decoration: none; border-radius: 4px; font-size: 12px !important;\" rel=\"nofollow noopener\" target=\"_blank\"><br \/>\n      S&rsquo;abonner<br \/>\n    <\/a><\/p>\n","protected":false},"excerpt":{"rendered":"Le chancelier allemand Friedrich Merz\u00a0et le pr\u00e9sident fran\u00e7ais Emmanuel Macron doivent se rencontrer pour la deuxi\u00e8me fois mercredi&hellip;\n","protected":false},"author":2,"featured_media":266708,"comment_status":"","ping_status":"","sticky":false,"template":"","format":"standard","meta":{"footnotes":""},"categories":[1586],"tags":[328,11,672,1073,1777,674,1011,27,329,74,12,316,25,364],"class_list":{"0":"post-266707","1":"post","2":"type-post","3":"status-publish","4":"format-standard","5":"has-post-thumbnail","7":"category-europe","8":"tag-a-la-une","9":"tag-actualites","10":"tag-allemagne","11":"tag-emmanuel-macron","12":"tag-eu","13":"tag-europe","14":"tag-fr","15":"tag-france","16":"tag-france-monde","17":"tag-monde","18":"tag-news","19":"tag-politique","20":"tag-republique-francaise","21":"tag-union-europeenne"},"share_on_mastodon":{"url":"https:\/\/pubeurope.com\/@fr\/114899418091314602","error":""},"_links":{"self":[{"href":"https:\/\/www.europesays.com\/fr\/wp-json\/wp\/v2\/posts\/266707","targetHints":{"allow":["GET"]}}],"collection":[{"href":"https:\/\/www.europesays.com\/fr\/wp-json\/wp\/v2\/posts"}],"about":[{"href":"https:\/\/www.europesays.com\/fr\/wp-json\/wp\/v2\/types\/post"}],"author":[{"embeddable":true,"href":"https:\/\/www.europesays.com\/fr\/wp-json\/wp\/v2\/users\/2"}],"replies":[{"embeddable":true,"href":"https:\/\/www.europesays.com\/fr\/wp-json\/wp\/v2\/comments?post=266707"}],"version-history":[{"count":0,"href":"https:\/\/www.europesays.com\/fr\/wp-json\/wp\/v2\/posts\/266707\/revisions"}],"wp:featuredmedia":[{"embeddable":true,"href":"https:\/\/www.europesays.com\/fr\/wp-json\/wp\/v2\/media\/266708"}],"wp:attachment":[{"href":"https:\/\/www.europesays.com\/fr\/wp-json\/wp\/v2\/media?parent=266707"}],"wp:term":[{"taxonomy":"category","embeddable":true,"href":"https:\/\/www.europesays.com\/fr\/wp-json\/wp\/v2\/categories?post=266707"},{"taxonomy":"post_tag","embeddable":true,"href":"https:\/\/www.europesays.com\/fr\/wp-json\/wp\/v2\/tags?post=266707"}],"curies":[{"name":"wp","href":"https:\/\/api.w.org\/{rel}","templated":true}]}}