{"id":266709,"date":"2025-07-22T23:12:21","date_gmt":"2025-07-22T23:12:21","guid":{"rendered":"https:\/\/www.europesays.com\/fr\/266709\/"},"modified":"2025-07-22T23:12:21","modified_gmt":"2025-07-22T23:12:21","slug":"tdf-tour-de-france-valentin-paret-peintre-il-y-a-eu-deux-hasards-du-destin","status":"publish","type":"post","link":"https:\/\/www.europesays.com\/fr\/266709\/","title":{"rendered":"TDF. Tour de France &#8211; Valentin Paret-Peintre : \u00abIl y a eu deux hasards du destin&#8230;\u00bb"},"content":{"rendered":"<p>Quelques heures apr\u00e8s sa victoire retentissante au sommet du Mont Ventoux lors de la 16e \u00e9tape du <strong><a href=\"https:\/\/www.cyclismactu.net\/..\/news-tdf-route-tour-de-france-valentin-paret-peintre-16e-etape-ventoux-pogacar-solide-89135.html\" target=\"_blank\" rel=\"nofollow noopener\">Tour de France<\/a><\/strong>, <strong>Valentin Paret-Peintre<\/strong> nous a ouvert les portes de son h\u00f4tel pour un entretien accord\u00e9 \u00e0 <strong>Cyclism\u2019Actu<\/strong>.\u00a0\u00ab\u00a0<strong>VPP<\/strong>\u00a0\u00bb est donc le premier Fran\u00e7ais \u00e0 avoir lev\u00e9 les bras sur cette Grande Boucle, et le  premier tricolore \u00e0 s&rsquo;imposer au sommet du \u00ab\u00a0Mont Chauve\u00a0\u00bb depuis <strong><a href=\"https:\/\/www.cyclismactu.net\/..\/news-tour-de-france-route-richard-virenque-je-vais-kiffer-sur-mont-ventoux-ce-mardi-89125.html\" target=\"_blank\" rel=\"nofollow noopener\">Richard  Virenque<\/a><\/strong> en 2002.\u00a0Encore marqu\u00e9 par l\u2019\u00e9motion d\u2019avoir triomph\u00e9 sur l\u2019un des sommets les plus mythiques du cyclisme mondial, le coureur de la formation <strong>Soudal Quick-Step<\/strong> revient avec lucidit\u00e9 et sinc\u00e9rit\u00e9 sur cette journ\u00e9e historique.<\/p>\n<p>\u00a0<\/p>\n<p>\u00ab\u00a0Gagner une \u00e9tape du Tour, c\u2019est quelque chose, mais gagner au Mont Ventoux&#8230;\u00a0\u00bb<\/p>\n<p><strong>Merci de nous recevoir \u00e0 ton h\u00f4tel. On se dit quoi l\u00e0 ?<\/strong><\/p>\n<p>Pas grand-chose&#8230; C\u2019est encore difficile de r\u00e9aliser. J\u2019ai appel\u00e9 mes parents, ma copine \u00e9videmment, mais je n\u2019ai pas trop regard\u00e9 mon t\u00e9l\u00e9phone encore. Je crois que je ne r\u00e9alise pas vraiment que j\u2019ai gagn\u00e9 une \u00e9tape du Tour, et au Mont Ventoux en plus&#8230;<\/p>\n<p>\u00a0<\/p>\n<p><strong>Ce n\u2019est pas rien ?<\/strong><\/p>\n<p>Non, c\u2019est s\u00fbr. D\u00e9j\u00e0, gagner une \u00e9tape du Tour, c\u2019est quelque chose. Mais gagner au Mont Ventoux, c\u2019est encore plus magique. Je pense que je vais mettre un peu de temps \u00e0 r\u00e9aliser. Peut-\u00eatre que demain, je r\u00e9aliserai un peu plus, ou apr\u00e8s le Tour\u2026 Quand tout va retomber, ce sera vraiment sp\u00e9cial.<\/p>\n<p>\u00a0<\/p>\n<p><strong>Avec ce succ\u00e8s, tu rejoins une lign\u00e9e prestigieuse de Fran\u00e7ais vainqueurs au Ventoux : Poulidor, Hinault, Jean-Fran\u00e7ois Bernard, Virenque\u2026 Tu as l\u2019impression de faire partie de l\u2019histoire ?<\/strong><\/p>\n<p>Oui, on m\u2019a dit que je suis seulement le cinqui\u00e8me Fran\u00e7ais \u00e0 gagner l\u00e0-haut. Et m\u00eame au-del\u00e0, quand on regarde le palmar\u00e8s des vainqueurs au sommet du Ventoux, ce sont quasiment que des grands noms. C\u2019est tr\u00e8s sp\u00e9cial, et je pense que \u00e7a restera longtemps comme la plus belle victoire de ma carri\u00e8re.<\/p>\n<p>\u00a0<\/p>\n<p>\u00ab\u00a0Le Mont Ventoux, c\u2019est mythique\u00a0\u00bb<\/p>\n<p><strong>Quand on voit qu\u2019on parle encore de Jean-Fran\u00e7ois Virenque 23 ans apr\u00e8s, on se rend compte de la port\u00e9e d\u2019un tel exploit, non ?<\/strong><\/p>\n<p>Oui, c\u2019est clair. Encore une fois, j\u2019ai du mal \u00e0 r\u00e9aliser, mais le Mont Ventoux, c\u2019est mythique.<\/p>\n<p>\u00a0<\/p>\n<p><strong>C\u2019est une \u00e9tape que tu n\u2019\u00e9tais m\u00eame pas cens\u00e9 disputer \u00e0 la base. Il y avait une forme de destin, quelque part ?<\/strong><\/p>\n<p>Oui, on peut dire \u00e7a. Il y a eu deux \u00ab\u00a0hasards\u00a0\u00bb du destin, on va dire : d\u2019abord, je ne devais pas \u00eatre au d\u00e9part du Tour, j\u2019\u00e9tais cens\u00e9 faire le Giro. Et ensuite, avec l\u2019abandon de Remco, \u00e7a m\u2019a laiss\u00e9 plus de libert\u00e9. Je pense que s\u2019il avait encore \u00e9t\u00e9 l\u00e0, je n\u2019aurais pas pu prendre l\u2019\u00e9chapp\u00e9e aujourd\u2019hui. Donc oui, peut-\u00eatre que c\u2019\u00e9tait \u00e9crit quelque part que je devais gagner ici, au Mont Ventoux.<\/p>\n<p>\u00a0<\/p>\n<p><strong>Est-ce qu\u2019on entre dans la cour des grands quand on gagne au Ventoux ?<\/strong><\/p>\n<p>Non, je ne pense pas. Il faut confirmer. Il y a encore beaucoup d&rsquo;autres courses \u00e0 gagner. C\u2019est une \u00e9tape, certes mythique, mais ce n\u2019est pas une finalit\u00e9. J\u2019ai encore beaucoup de choses \u00e0 accomplir.<\/p>\n<p>\u00a0<\/p>\n<p><strong>La derni\u00e8re fois qu\u2019on s\u2019est vus, c\u2019\u00e9tait \u00e0 la reconnaissance des Mondiaux 2027 \u00e0 Sallanches. Tu nous parlais d\u2019un d\u00e9but de saison gal\u00e8re depuis Tirreno\u2026 Si on t\u2019avait dit \u00e0 ce moment-l\u00e0 que tu allais gagner au Ventoux ?<\/strong><\/p>\n<p>J\u2019aurais dit que juste \u00eatre au d\u00e9part du Tour, ce serait d\u00e9j\u00e0 dingue. Alors gagner une \u00e9tape, incroyable\u2026 Mais gagner au Mont Ventoux ? Je t\u2019aurais dit : \u00ab\u00a0Mais t\u2019es fou !\u00a0\u00bb<\/p>\n<p>\u00a0<\/p>\n<p>\u00ab\u00a0Mes grands-parents ont pleur\u00e9 devant la t\u00e9l\u00e9\u00a0\u00bb<\/p>\n<p><strong>M\u00eame dans tes r\u00eaves les plus fous, tu n\u2019aurais pas imagin\u00e9 \u00e7a ?<\/strong><\/p>\n<p>Non. D\u00e9j\u00e0, gagner une \u00e9tape, c\u2019est dur \u00e0 imaginer. Mais gagner au Ventoux, c\u2019est encore au-dessus. Quand on approchait du pied, \u00e0 quinze kilom\u00e8tres, je disais dans la radio \u00e0 Pascal Lecomte, qui roulait devant : \u00ab\u00a0Allez, c\u2019est notre jour, on peut le faire.\u00a0\u00bb Mais m\u00eame l\u00e0, au fond de moi, je ne sais pas si j\u2019y croyais vraiment. C\u2019\u00e9tait difficile de se dire sur le v\u00e9lo : \u00ab\u00a0Je suis en position de gagner au Mont Ventoux.\u00a0\u00bb<\/p>\n<p>\u00a0<\/p>\n<p><strong>On ne s\u2019en rend pas compte, mais c\u2019est comment de grimper le Ventoux ?<\/strong><\/p>\n<p>C\u2019est dur ! C\u2019est avant tout de la souffrance. Mais avec tous les spectateurs sur le bord de la route, \u00e7a passe plus vite. On prend beaucoup de plaisir malgr\u00e9 tout. Aujourd\u2019hui, je crois qu\u2019on a mis environ une heure pour monter, donc \u00e7a va, c\u2019est all\u00e9 vite. Je l\u2019avais fait en mai, juste apr\u00e8s ma blessure, et l\u00e0 c\u2019\u00e9tait beaucoup plus lent\u2026<\/p>\n<p>\u00a0<\/p>\n<p><strong>Tu parlais de tes proches. Comment ont-ils r\u00e9agi ?<\/strong><\/p>\n<p>Ils sont super heureux. Ils ont vraiment vibr\u00e9. J\u2019ai appel\u00e9 mes grands-parents, et ils m\u2019ont dit : \u00ab\u00a0On a pleur\u00e9 devant la t\u00e9l\u00e9.\u00a0\u00bb Et \u00e7a, pour moi, c\u2019est encore plus important que la victoire elle-m\u00eame. Le fait de transmettre ces \u00e9motions \u00e0 mes proches, \u00e0 mes grands-parents\u2026 C\u2019est ce qui me rend le plus fier.<\/p>\n<p>\u00a0<\/p>\n<p>\u00ab\u00a0Le maillot \u00e0 pois ? Je pr\u00e9f\u00e8re que ce soit Lenny plut\u00f4t que Pogacar\u00a0\u00bb<\/p>\n<p><strong>Tu es le premier vainqueur fran\u00e7ais sur ce Tour. \u00c7a repr\u00e9sente quelque chose ?<\/strong><\/p>\n<p>Pas forc\u00e9ment. Il y en aura peut-\u00eatre d\u2019autres. Le peloton est de plus en plus international, donc c\u2019est de plus en plus difficile pour les Fran\u00e7ais d\u2019\u00eatre une grande nation, entre guillemets. Et d\u2019ailleurs, ce matin au d\u00e9part, je n\u2019avais m\u00eame pas r\u00e9alis\u00e9 qu\u2019on n\u2019avait pas encore gagn\u00e9 d\u2019\u00e9tape.<\/p>\n<p>\u00a0<\/p>\n<p><strong>Est-ce qu\u2019on peut te souhaiter un maillot \u00e0 pois pour la suite ?<\/strong><\/p>\n<p>Non, ce n\u2019est pas du tout dans mes objectifs. Je ne sais m\u00eame pas combien j\u2019ai de points, ni combien il y en avait aujourd\u2019hui au sommet. Je pense que Lenny (Martinez) est bien parti, il a pas mal d\u2019avance. Et si on se fait la guerre pour le maillot, il risque de finir sur les \u00e9paules de Pogacar\u2026 Donc non, je pr\u00e9f\u00e8re que ce soit Lenny plut\u00f4t que Pogacar.<\/p>\n<p>\u00a0<\/p>\n<p><strong>Pourquoi pas r\u00e9cidiver dans les Alpes ?<\/strong><\/p>\n<p>Oui, c\u2019est s\u00fbr, j\u2019aurai \u00e0 c\u0153ur d\u2019\u00eatre \u00e0 l\u2019avant dans les Alpes. Aujourd\u2019hui, Ilan m\u2019a rendu un beau service, donc j\u2019aurais \u00e0 c\u0153ur de lui rendre la pareille l\u00e0-bas. D\u00e9j\u00e0 demain, l\u2019\u00e9tape est propice pour nous, donc on va essayer de faire quelque chose.<\/p>\n<p>Tour de France &#8211; Classement de la 16\u00e8 \u00e9tape Tour de France &#8211; Classement g\u00e9n\u00e9ral provisoire apr\u00e8s la 16\u00e8 \u00e9tape<\/p>\n","protected":false},"excerpt":{"rendered":"Quelques heures apr\u00e8s sa victoire retentissante au sommet du Mont Ventoux lors de la 16e \u00e9tape du Tour&hellip;\n","protected":false},"author":2,"featured_media":266710,"comment_status":"","ping_status":"","sticky":false,"template":"","format":"standard","meta":{"footnotes":""},"categories":[1586],"tags":[11,207,1777,674,1779,211,1011,27,12,25,209,210,212,1778,364,208,213],"class_list":{"0":"post-266709","1":"post","2":"type-post","3":"status-publish","4":"format-standard","5":"has-post-thumbnail","7":"category-europe","8":"tag-actualites","9":"tag-cyclisme","10":"tag-eu","11":"tag-europe","12":"tag-european-union","13":"tag-ffc","14":"tag-fr","15":"tag-france","16":"tag-news","17":"tag-republique-francaise","18":"tag-route","19":"tag-tour-de-france","20":"tag-uci","21":"tag-ue","22":"tag-union-europeenne","23":"tag-velo","24":"tag-world-tour"},"share_on_mastodon":{"url":"https:\/\/pubeurope.com\/@fr\/114899421942088226","error":""},"_links":{"self":[{"href":"https:\/\/www.europesays.com\/fr\/wp-json\/wp\/v2\/posts\/266709","targetHints":{"allow":["GET"]}}],"collection":[{"href":"https:\/\/www.europesays.com\/fr\/wp-json\/wp\/v2\/posts"}],"about":[{"href":"https:\/\/www.europesays.com\/fr\/wp-json\/wp\/v2\/types\/post"}],"author":[{"embeddable":true,"href":"https:\/\/www.europesays.com\/fr\/wp-json\/wp\/v2\/users\/2"}],"replies":[{"embeddable":true,"href":"https:\/\/www.europesays.com\/fr\/wp-json\/wp\/v2\/comments?post=266709"}],"version-history":[{"count":0,"href":"https:\/\/www.europesays.com\/fr\/wp-json\/wp\/v2\/posts\/266709\/revisions"}],"wp:featuredmedia":[{"embeddable":true,"href":"https:\/\/www.europesays.com\/fr\/wp-json\/wp\/v2\/media\/266710"}],"wp:attachment":[{"href":"https:\/\/www.europesays.com\/fr\/wp-json\/wp\/v2\/media?parent=266709"}],"wp:term":[{"taxonomy":"category","embeddable":true,"href":"https:\/\/www.europesays.com\/fr\/wp-json\/wp\/v2\/categories?post=266709"},{"taxonomy":"post_tag","embeddable":true,"href":"https:\/\/www.europesays.com\/fr\/wp-json\/wp\/v2\/tags?post=266709"}],"curies":[{"name":"wp","href":"https:\/\/api.w.org\/{rel}","templated":true}]}}