{"id":266713,"date":"2025-07-22T23:16:39","date_gmt":"2025-07-22T23:16:39","guid":{"rendered":"https:\/\/www.europesays.com\/fr\/266713\/"},"modified":"2025-07-22T23:16:39","modified_gmt":"2025-07-22T23:16:39","slug":"elisabeth-borne-demande-a-bruno-retailleau-du-respect-apres-sa-nouvelle-sortie-contre-le-macronisme","status":"publish","type":"post","link":"https:\/\/www.europesays.com\/fr\/266713\/","title":{"rendered":"\u00c9lisabeth\u00a0Borne demande \u00e0 Bruno Retailleau du \u00ab\u00a0respect\u00a0\u00bb apr\u00e8s sa nouvelle sortie contre le macronisme"},"content":{"rendered":"<p>        <img decoding=\"async\" loading=\"lazy\" src=\"https:\/\/www.europesays.com\/fr\/wp-content\/uploads\/2025\/07\/c9abf83_upload-1-ykutfuavbu8n-000-648r3ga.jpg\"  width=\"728\" height=\"409\" alt=\"Bruno Retailleau estime que le macronisme \u00ab\u00a0alimente l\u2019impuissance\u00a0\u00bb, Elisabeth Borne l\u2019accuse ce mardi 22\u00a0juillet de vouloir \u00ab\u00a0diviser\u00a0\u00bb.\"\/>  <\/p>\n<p>JULIE SEBADELHA \/ AFP<\/p>\n<p>Bruno Retailleau estime que le macronisme \u00ab\u00a0alimente l\u2019impuissance\u00a0\u00bb, Elisabeth Borne l\u2019accuse ce mardi 22\u00a0juillet de vouloir \u00ab\u00a0diviser\u00a0\u00bb.<\/p>\n<p class=\"asset asset-text\">POLITIQUE &#8211; Une v\u00e9ritable pomme de discorde. Le patron des R\u00e9publicains et le ministre de l\u2019Int\u00e9rieur <a href=\"https:\/\/www.huffingtonpost.fr\/politique\/video\/du-populisme-pannier-runacher-choquee-par-les-propos-de-retailleau-sur-les-energies-renouvelables_252150.html\" target=\"_blank\" rel=\"noopener\">Bruno Retailleau<\/a>, qui doit \u00eatre re\u00e7u jeudi 24\u00a0juillet par <a href=\"https:\/\/www.huffingtonpost.fr\/politique\/article\/proces-de-rachida-dati-macron-douche-leurs-espoirs-des-elus-qui-demandent-la-demission-de-la-ministre_252879.html\" target=\"_blank\" rel=\"noopener\">Emmanuel Macron<\/a>, consid\u00e8re dans Valeurs Actuelles que le macronisme n\u2019est \u00ab\u00a0ni un mouvement politique, ni une id\u00e9ologie\u00a0\u00bb et \u00ab\u00a0alimente l\u2019impuissance\u00a0\u00bb.<\/p>\n<p class=\"asset asset-text\">Sa coll\u00e8gue Renaissance de l\u2019\u00c9ducation, qui est aussi ancienne Premi\u00e8re ministre, <a href=\"https:\/\/www.huffingtonpost.fr\/politique\/article\/sur-l-islamo-gauchisme-elisabeth-borne-tape-sur-les-doigts-du-ministre-de-l-enseignement-superieur_252556.html\" target=\"_blank\" rel=\"noopener\">\u00c9lisabeth Borne<\/a>, l\u2019a accus\u00e9 en retour, ce mardi 22\u00a0juillet sur le r\u00e9seau social X, de \u00ab\u00a0tenter de diviser le socle commun\u00a0\u00bb et ainsi d\u2019\u00ab\u00a0affaiblir les remparts contre les extr\u00eames\u00a0\u00bb.<\/p>\n<p class=\"asset asset-text\">\u00ab\u00a0Agir ensemble exige du respect mutuel\u00a0\u00bb, a-t-elle fustig\u00e9, en affirmant que le macronisme \u00e9tait \u00ab\u00a0une id\u00e9ologie ET un parti politique\u00a0\u00bb.<\/p>\n<p>    \u00ab\u00a0Le macronisme s\u2019ach\u00e8vera avec Macron\u00a0\u00bb    <\/p>\n<p class=\"asset asset-text\">Bruno Retailleau consid\u00e8re pour sa part que \u00ab\u00a0le macronisme s\u2019ach\u00e8vera avec Emmanuel Macron, tout simplement\u00a0\u00bb parce qu\u2019il \u00ab\u00a0n\u2019est ni un mouvement politique, ni une id\u00e9ologie\u00a0: il repose essentiellement sur un homme\u00a0\u00bb.<\/p>\n<p class=\"asset asset-text\">\u00ab\u00a0Je ne crois pas au \u201cen m\u00eame temps\u201d\u00a0\u00bb, postulat d\u2019Emmanuel Macron qui revendique d\u2019\u00eatre \u00e0 la fois de droite et de gauche, \u00ab\u00a0car il alimente l\u2019impuissance\u00a0\u00bb, ajoute le pr\u00e9sident de LR, dans un entretien \u00e0 l\u2019hebdomadaire ultraconservateur mis en ligne mardi.<\/p>\n<p class=\"asset asset-text\">Le ministre assure que sa pr\u00e9sence dans la coalition gouvernementale de la droite et du centre \u00ab\u00a0n\u2019est pas une adh\u00e9sion au macronisme\u00a0\u00bb, mais est anim\u00e9e par \u00ab\u00a0l\u2019int\u00e9r\u00eat g\u00e9n\u00e9ral\u00a0\u00bb et son refus que \u00ab\u00a0la gauche m\u00e9lenchonis\u00e9e (acc\u00e8de) au pouvoir\u00a0\u00bb.<\/p>\n<p class=\"asset asset-text\">Bruno Retailleau affirme encore repr\u00e9senter une \u00ab\u00a0droite utile, mais pas docile\u00a0\u00bb qui participe au gouvernement de Fran\u00e7ois Bayrou non pas \u00ab\u00a0pour faire de la figuration\u00a0\u00bb mais \u00ab\u00a0pour peser de tout le poids de (ses) convictions de droite\u00a0\u00bb.<\/p>\n<p>                     Jordan Bardella, \u00ab\u00a0un candidat inexp\u00e9riment\u00e9\u00a0\u00bb, selon Retailleau    <\/p>\n<p class=\"asset asset-text\">Pour lui, La France insoumise est \u00ab\u00a0la pire menace politique\u00a0\u00bb par rapport au Rassemblement national. Dans la perspective des \u00e9lections municipales dans un an, il appelle \u00e0 \u00ab\u00a0assumer un cordon sanitaire\u00a0\u00bb contre le mouvement de Jean-Luc M\u00e9lenchon et estime que la droite devra \u00eatre \u00ab\u00a0au c\u0153ur d\u2019un bataillon de choc le plus \u00e9largi possible\u00a0\u00bb. \u00ab\u00a0Nous ne pourrons pas gagner seuls\u00a0\u00bb.<\/p>\n<p class=\"asset asset-text\">\u00c0 propos du pr\u00e9sident du RN Jordan Bardella, qui pourrait \u00eatre candidat \u00e0 l\u2019\u00c9lys\u00e9e si Marine Le\u00a0Pen \u00e9tait jug\u00e9e en appel in\u00e9ligible, il se demande si les Fran\u00e7ais \u00ab\u00a0consentiront\u00a0\u00bb \u00e0 \u00ab\u00a0donner leur confiance \u00e0 un candidat inexp\u00e9riment\u00e9\u00a0\u00bb.<\/p>\n<p class=\"asset asset-text\">Emmanuel Macron avait rappel\u00e9 \u00e0 l\u2019ordre Fran\u00e7ois Bayrou mais aussi Bruno Retailleau quand ce dernier s\u2019\u00e9tait prononc\u00e9 pour la fin des aides aux \u00e9nergies renouvelables, provoquant la col\u00e8re de sa coll\u00e8gue Renaissance de la Transition \u00e9cologique, Agn\u00e8s Pannier-Runacher.<\/p>\n<p class=\"asset asset-text\">Les ministres \u00ab\u00a0doivent s\u2019occuper des politiques qu\u2019ils conduisent\u00a0\u00bb, avait affirm\u00e9 d\u00e9but juillet le chef de l\u2019\u00c9tat, en appelant le Premier ministre \u00e0 \u00ab\u00a0discipliner la parole\u00a0\u00bb de son gouvernement.<\/p>\n","protected":false},"excerpt":{"rendered":"JULIE SEBADELHA \/ AFP Bruno Retailleau estime que le macronisme \u00ab\u00a0alimente l\u2019impuissance\u00a0\u00bb, Elisabeth Borne l\u2019accuse ce mardi 22\u00a0juillet&hellip;\n","protected":false},"author":2,"featured_media":266714,"comment_status":"","ping_status":"","sticky":false,"template":"","format":"standard","meta":{"footnotes":""},"categories":[2],"tags":[11,1013,5757,1073,1011,27,12,316,25],"class_list":{"0":"post-266713","1":"post","2":"type-post","3":"status-publish","4":"format-standard","5":"has-post-thumbnail","7":"category-actualites","8":"tag-actualites","9":"tag-bruno-retailleau","10":"tag-elisabeth-borne","11":"tag-emmanuel-macron","12":"tag-fr","13":"tag-france","14":"tag-news","15":"tag-politique","16":"tag-republique-francaise"},"share_on_mastodon":{"url":"https:\/\/pubeurope.com\/@fr\/114899437658679155","error":""},"_links":{"self":[{"href":"https:\/\/www.europesays.com\/fr\/wp-json\/wp\/v2\/posts\/266713","targetHints":{"allow":["GET"]}}],"collection":[{"href":"https:\/\/www.europesays.com\/fr\/wp-json\/wp\/v2\/posts"}],"about":[{"href":"https:\/\/www.europesays.com\/fr\/wp-json\/wp\/v2\/types\/post"}],"author":[{"embeddable":true,"href":"https:\/\/www.europesays.com\/fr\/wp-json\/wp\/v2\/users\/2"}],"replies":[{"embeddable":true,"href":"https:\/\/www.europesays.com\/fr\/wp-json\/wp\/v2\/comments?post=266713"}],"version-history":[{"count":0,"href":"https:\/\/www.europesays.com\/fr\/wp-json\/wp\/v2\/posts\/266713\/revisions"}],"wp:featuredmedia":[{"embeddable":true,"href":"https:\/\/www.europesays.com\/fr\/wp-json\/wp\/v2\/media\/266714"}],"wp:attachment":[{"href":"https:\/\/www.europesays.com\/fr\/wp-json\/wp\/v2\/media?parent=266713"}],"wp:term":[{"taxonomy":"category","embeddable":true,"href":"https:\/\/www.europesays.com\/fr\/wp-json\/wp\/v2\/categories?post=266713"},{"taxonomy":"post_tag","embeddable":true,"href":"https:\/\/www.europesays.com\/fr\/wp-json\/wp\/v2\/tags?post=266713"}],"curies":[{"name":"wp","href":"https:\/\/api.w.org\/{rel}","templated":true}]}}