{"id":266719,"date":"2025-07-22T23:22:18","date_gmt":"2025-07-22T23:22:18","guid":{"rendered":"https:\/\/www.europesays.com\/fr\/266719\/"},"modified":"2025-07-22T23:22:18","modified_gmt":"2025-07-22T23:22:18","slug":"mon-objectif-principal-est-de-redevenir-numero-1-mondial-et-je-suis-pret-a-relever-le-defi-alcaraz-devoile-ses-objectifs","status":"publish","type":"post","link":"https:\/\/www.europesays.com\/fr\/266719\/","title":{"rendered":"\u00ab Mon objectif principal est de redevenir num\u00e9ro 1 mondial et je suis pr\u00eat \u00e0 relever le d\u00e9fi \u00bb, Alcaraz d\u00e9voile ses objectifs"},"content":{"rendered":"<p>                <img decoding=\"async\" src=\"https:\/\/www.europesays.com\/fr\/wp-content\/uploads\/2025\/07\/XSzv.jpg\" alt=\"\u00ab Mon objectif principal est de redevenir num\u00e9ro 1 mondial et je suis pr\u00eat \u00e0 relever le d\u00e9fi \u00bb, Alcaraz d\u00e9voile ses objectifs\"\/><\/p>\n<p>Wimbledon \u00e9tant achev\u00e9, la seconde partie de la saison 2025 d\u00e9marre. Carlos Alcaraz compte pour le moment 3430 points de retard sur Jannik Sinner.<\/p>\n<p>Pour lui, la place de num\u00e9ro un mondial fait partie de l\u2019un de ses objectifs principaux, comme il l\u2019a d\u00e9clar\u00e9 \u00e0 la Gazzetta dello Sport : \u00ab Je suis pr\u00eat.<\/p>\n<p>L&rsquo;ann\u00e9e derni\u00e8re, j&rsquo;ai eu du mal \u00e0 retrouver mon meilleur tennis apr\u00e8s ce qui s&rsquo;est pass\u00e9 aux Jeux olympiques, mais l&rsquo;avantage, c&rsquo;est que cette ann\u00e9e, je n&rsquo;ai quasiment plus de points \u00e0 d\u00e9fendre.<\/p>\n<p>Je vais tout donner pour en prendre le plus possible, car mon objectif principal pour le reste de l&rsquo;ann\u00e9e est de redevenir num\u00e9ro 1 mondial. Je sais que Jannik ne sera pas g\u00ean\u00e9 par autant de points \u00e0 d\u00e9fendre, mais je suis pr\u00eat \u00e0 relever le d\u00e9fi. \u00bb<\/p>\n","protected":false},"excerpt":{"rendered":"Wimbledon \u00e9tant achev\u00e9, la seconde partie de la saison 2025 d\u00e9marre. Carlos Alcaraz compte pour le moment 3430&hellip;\n","protected":false},"author":2,"featured_media":266720,"comment_status":"","ping_status":"","sticky":false,"template":"","format":"standard","meta":{"footnotes":""},"categories":[1415],"tags":[1011,27,60,1467],"class_list":{"0":"post-266719","1":"post","2":"type-post","3":"status-publish","4":"format-standard","5":"has-post-thumbnail","7":"category-tennis","8":"tag-fr","9":"tag-france","10":"tag-sports","11":"tag-tennis"},"share_on_mastodon":{"url":"https:\/\/pubeurope.com\/@fr\/114899461277871081","error":""},"_links":{"self":[{"href":"https:\/\/www.europesays.com\/fr\/wp-json\/wp\/v2\/posts\/266719","targetHints":{"allow":["GET"]}}],"collection":[{"href":"https:\/\/www.europesays.com\/fr\/wp-json\/wp\/v2\/posts"}],"about":[{"href":"https:\/\/www.europesays.com\/fr\/wp-json\/wp\/v2\/types\/post"}],"author":[{"embeddable":true,"href":"https:\/\/www.europesays.com\/fr\/wp-json\/wp\/v2\/users\/2"}],"replies":[{"embeddable":true,"href":"https:\/\/www.europesays.com\/fr\/wp-json\/wp\/v2\/comments?post=266719"}],"version-history":[{"count":0,"href":"https:\/\/www.europesays.com\/fr\/wp-json\/wp\/v2\/posts\/266719\/revisions"}],"wp:featuredmedia":[{"embeddable":true,"href":"https:\/\/www.europesays.com\/fr\/wp-json\/wp\/v2\/media\/266720"}],"wp:attachment":[{"href":"https:\/\/www.europesays.com\/fr\/wp-json\/wp\/v2\/media?parent=266719"}],"wp:term":[{"taxonomy":"category","embeddable":true,"href":"https:\/\/www.europesays.com\/fr\/wp-json\/wp\/v2\/categories?post=266719"},{"taxonomy":"post_tag","embeddable":true,"href":"https:\/\/www.europesays.com\/fr\/wp-json\/wp\/v2\/tags?post=266719"}],"curies":[{"name":"wp","href":"https:\/\/api.w.org\/{rel}","templated":true}]}}