{"id":26672,"date":"2025-04-15T13:58:17","date_gmt":"2025-04-15T13:58:17","guid":{"rendered":"https:\/\/www.europesays.com\/fr\/26672\/"},"modified":"2025-04-15T13:58:17","modified_gmt":"2025-04-15T13:58:17","slug":"a-bordeaux-les-allees-de-tourny-passent-en-phase-transitoire","status":"publish","type":"post","link":"https:\/\/www.europesays.com\/fr\/26672\/","title":{"rendered":"A Bordeaux, les all\u00e9es de Tourny passent en phase transitoire"},"content":{"rendered":"<p class=\"wp-block-post-excerpt__excerpt\">Une r\u00e9union publique sur les am\u00e9nagements provisoires des all\u00e9es de Tourny s\u2019est tenue \u00e0 la mairie de Bordeaux ce lundi 14 avril au soir. Elle a r\u00e9uni une centaine de personnes, venues d\u00e9couvrir les installations pr\u00e9vues \u00e0 la fin de cet \u00e9t\u00e9, jusqu\u2019au d\u00e9but des travaux en 2027. <\/p>\n<p class=\"font-sans\">\n\t\t\tCet article est en acc\u00e8s libre. Pour soutenir Rue89Bordeaux,<br \/>\n\t\t\t<a class=\"underline\" href=\"https:\/\/rue89bordeaux.com\/abonnement\/\" rel=\"nofollow noopener\" target=\"_blank\">abonnez-vous<\/a>.\n\t\t<\/p>\n<p>Walid Salem<\/p>\n<p>Publi\u00e9 le 15 avril 2025\u00a0\u00a0\u00b7\u00a0\u00a0<\/p>\n<p>Imprim\u00e9 le 15 avril 2025 \u00e0 15h58\u00a0\u00a0\u00b7\u00a0\u00a0<\/p>\n<p>\t\t\t\t\t3\u00a0minutes\n<\/p>\n<p>\u00ab\u00a0Ce point d\u2019\u00e9tape marque le d\u00e9but d\u2019une nouvelle phase du projet de r\u00e9habilitation des all\u00e9es de Tourny\u00a0\u00bb, pr\u00e9cise Pierre Hurmic devant une une centaine de personnes r\u00e9unie dans les salons du Palais Rohan, o\u00f9 l\u2019on reconnait de nombreux \u00e9lus de l\u2019opposition de droite. Le maire de Bordeaux ouvre le bal pour pr\u00e9senter les am\u00e9nagements provisoires de cet espace embl\u00e9matique du centre-ville d\u00e8s ce mois de septembre.<\/p>\n<p>Ceux-ci sont ensuite d\u00e9taill\u00e9s par les adjoints concern\u00e9s, Didier Jeanjean, Marc Etcheverry et Sandrine Jacotot, et par les repr\u00e9sentants des prestataires choisis pour l\u2019op\u00e9ration : Christophe Cozette de l\u2019agence de paysage et d\u2019environnement, Phytolab, et Jeanne Faure\u00a0de l\u2019Atelier des possibles, sp\u00e9cialiste en paysage tactique et participatif qui a la t\u00e2che d\u2019assurer la pr\u00e9sentation du jour.<\/p>\n<p>\t\t\u00ab\u00a0Grande promenade\u00a0\u00bb<\/p>\n<p>\u00ab\u00a0Accompagner, amorcer, tester, et pr\u00e9figurer de mani\u00e8re progressive\u00a0\u00bb sont les axes des am\u00e9nagements provisoires. Ils s\u2019organisent autour d\u2019une \u00ab\u00a0grande promenade [qui] va permettre de desservir trois jardins v\u00e9g\u00e9talis\u00e9s : un jardin ludique, un clairi\u00e8re conviviale, et une place connect\u00e9e \u00e0 la place de la Com\u00e9die\u00a0\u00bb.<\/p>\n<p>Le premier, \u00ab\u00a0du c\u00f4t\u00e9 r\u00e9sidentiel\u00a0\u00bb que pr\u00e9sente le secteur Fondaud\u00e8ge, sera \u00ab\u00a0un lieu tourn\u00e9 autour de la famille et de l\u2019enfance, avec des jeux pour les enfants et des tables de pique-nique\u00a0\u00bb. En allant vers le Grand Th\u00e9\u00e2tre, \u00ab\u00a0le c\u0153ur des all\u00e9es\u00a0\u00bb o\u00f9 l\u2019on peut s\u2019installer \u00e0 c\u00f4t\u00e9 d\u2019une fontaine et \u00e9galement voir des expositions en plein air, et enfin un espace, apr\u00e8s l\u2019inamovible man\u00e8ge, \u00ab\u00a0pour accueillir des petits \u00e9v\u00e9nements et des animations\u00a0\u00bb tourn\u00e9es vers la rue Sainte-Catherine.<\/p>\n<p><img loading=\"lazy\" decoding=\"async\" width=\"792\" height=\"373\" src=\"https:\/\/www.europesays.com\/fr\/wp-content\/uploads\/2025\/04\/Croquis_Entree_V4_250415-792x373.jpg\" alt=\"\" class=\"wp-image-161895\"  \/> Croquis des am\u00e9nagements des all\u00e9es en arrivant de la place Tourny Photo\u00a0: DR<\/p>\n<blockquote class=\"wp-block-quote is-layout-flow wp-block-quote-is-layout-flow\">\n<p>\u00ab\u00a0Les alentours seront apais\u00e9s en diminuant la place de la voiture et en proposant des extensions de trottoirs, poursuit Jeanne Faure. On descend les arceaux des trottoirs, ce qui permet de supprimer une partie des stationnements voiture, pour faire place \u00e0 des terrasses, des bacs v\u00e9g\u00e9talis\u00e9s, des assises, et des salons urbains.\u00a0\u00bb<\/p>\n<\/blockquote>\n<p>La circulation des voitures sera maintenue c\u00f4t\u00e9 Triangle d\u2019or avec une vitesse limit\u00e9e \u00e0 20 km\/h pour permettre notamment l\u2019acc\u00e8s au parking sous-terrain. Les voitures descendant la rue Condillac auront cependant l\u2019interdiction de tourner \u00e0 droite en arrivant sur les all\u00e9es. Du c\u00f4t\u00e9 de la place des Quinconces, une piste cyclable \u00ab\u00a0plus marqu\u00e9e\u00a0\u00bb c\u00f4toiera une voie pour les voitures venant principalement de la rue Esprit-des-Lois.<\/p>\n<p>Enfin, un \u00e9clairage de nuit est pr\u00e9vu pour \u00eatre \u00ab\u00a0plus \u00e9conome et plus respectueux\u00a0\u00bb avec \u00ab\u00a0de faibles sources de lumi\u00e8re et des temp\u00e9ratures chaudes\u00a0\u00bb veillant \u00ab\u00a0au bon \u00e9quilibre biologique des insectes, des oiseaux et du vivant\u00a0\u00bb.<\/p>\n<p>\t\tTransitoire jusqu\u2019\u00e0 fin 2026<\/p>\n<p>Transitoire oblige, les am\u00e9nagements seront en bois \u00ab\u00a0r\u00e9versibles, peu chers, et r\u00e9utilisables\u00a0\u00bb souligne Didier Jeanjean. A la question du public de savoir si le secteur sera born\u00e9, l\u2019adjoint r\u00e9torque qu\u2019 \u00ab\u00a0il est trop t\u00f4t pour le d\u00e9cider\u00a0\u00bb :<\/p>\n<blockquote class=\"wp-block-quote is-layout-flow wp-block-quote-is-layout-flow\">\n<p>\u00ab\u00a0L\u2019objet de cette transition est d\u2019abord de voir si \u00e7a nous pla\u00eet et comment \u00e7a fonctionne. Une \u00e9tude scientifique sera men\u00e9e afin de comprendre les itin\u00e9raires des usagers, l\u2019\u00e9volution de la fr\u00e9quentation et du public\u2026 En fonction de tous ces constats scientifiques et de notre ressenti, on prendra les d\u00e9cisions.\u00a0\u00bb<\/p>\n<\/blockquote>\n<p>Plusieurs rendez-vous sont pr\u00e9vus : 4 balades de deux heures sur place les 4 et 5 juin avec des \u00ab\u00a0animations th\u00e9\u00e2tre en marchant\u00a0\u00bb. Des ateliers avec les enfants auront lieu pour \u00ab\u00a0imaginer leur jardin ludique\u00a0\u00bb, ainsi que plusieurs chantiers de fabrication de mobilier et de plantation des espaces \u00e0 v\u00e9g\u00e9taliser. Un questionnaire sera accessible par QR Code affich\u00e9 sur place.<\/p>\n<p>Ces \u00ab\u00a0tests\u00a0\u00bb des am\u00e9nagements provisoires se poursuivront jusqu\u2019en d\u00e9cembre 2026, parall\u00e8lement \u00e0 des \u00e9tudes de conception pour lancer les travaux en 2027. Apr\u00e8s les municipales.<\/p>\n","protected":false},"excerpt":{"rendered":"Une r\u00e9union publique sur les am\u00e9nagements provisoires des all\u00e9es de Tourny s\u2019est tenue \u00e0 la mairie de Bordeaux&hellip;\n","protected":false},"author":2,"featured_media":26673,"comment_status":"","ping_status":"","sticky":false,"template":"","format":"standard","meta":{"footnotes":""},"categories":[2817],"tags":[1111,11,9441,1997,1777,674,1011,27,12,2219,25,1352],"class_list":{"0":"post-26672","1":"post","2":"type-post","3":"status-publish","4":"format-standard","5":"has-post-thumbnail","7":"category-bordeaux","8":"tag-actu","9":"tag-actualites","10":"tag-allees-de-tourny","11":"tag-bordeaux","12":"tag-eu","13":"tag-europe","14":"tag-fr","15":"tag-france","16":"tag-news","17":"tag-nouvelle-aquitaine","18":"tag-republique-francaise","19":"tag-urbanisme"},"share_on_mastodon":{"url":"https:\/\/pubeurope.com\/@fr\/114342337429893719","error":""},"_links":{"self":[{"href":"https:\/\/www.europesays.com\/fr\/wp-json\/wp\/v2\/posts\/26672","targetHints":{"allow":["GET"]}}],"collection":[{"href":"https:\/\/www.europesays.com\/fr\/wp-json\/wp\/v2\/posts"}],"about":[{"href":"https:\/\/www.europesays.com\/fr\/wp-json\/wp\/v2\/types\/post"}],"author":[{"embeddable":true,"href":"https:\/\/www.europesays.com\/fr\/wp-json\/wp\/v2\/users\/2"}],"replies":[{"embeddable":true,"href":"https:\/\/www.europesays.com\/fr\/wp-json\/wp\/v2\/comments?post=26672"}],"version-history":[{"count":0,"href":"https:\/\/www.europesays.com\/fr\/wp-json\/wp\/v2\/posts\/26672\/revisions"}],"wp:featuredmedia":[{"embeddable":true,"href":"https:\/\/www.europesays.com\/fr\/wp-json\/wp\/v2\/media\/26673"}],"wp:attachment":[{"href":"https:\/\/www.europesays.com\/fr\/wp-json\/wp\/v2\/media?parent=26672"}],"wp:term":[{"taxonomy":"category","embeddable":true,"href":"https:\/\/www.europesays.com\/fr\/wp-json\/wp\/v2\/categories?post=26672"},{"taxonomy":"post_tag","embeddable":true,"href":"https:\/\/www.europesays.com\/fr\/wp-json\/wp\/v2\/tags?post=26672"}],"curies":[{"name":"wp","href":"https:\/\/api.w.org\/{rel}","templated":true}]}}