{"id":266721,"date":"2025-07-22T23:24:10","date_gmt":"2025-07-22T23:24:10","guid":{"rendered":"https:\/\/www.europesays.com\/fr\/266721\/"},"modified":"2025-07-22T23:24:10","modified_gmt":"2025-07-22T23:24:10","slug":"ktm-affirme-sa-presence-en-motogp-en-2027-2","status":"publish","type":"post","link":"https:\/\/www.europesays.com\/fr\/266721\/","title":{"rendered":"KTM affirme sa pr\u00e9sence en MotoGP en 2027"},"content":{"rendered":"<p>&#13;<\/p>\n<p><strong>Le patron de KTM Motorsport, Pit Beirer, assure que le constructeur autrichien sera toujours en MotoGP en 2027.<\/strong><\/p>\n<p>La reprise de KTM par le groupe indien Bajaj Auto a permis de sauver une situation qui \u00e9tait mal embarqu\u00e9e. Depuis lors, on parle beaucoup moins de la crise \u00e9conomique de 2,9 milliards d&rsquo;euros qui a frapp\u00e9 le constructeur autrichien cet hiver. Il sera toujours l\u00e0 en MotoGP en 2026, oui. Mais il y a un contrat \u00e0 renouveler sur la p\u00e9riode 2027-2031, avec notamment l&rsquo;arriv\u00e9e des 850 cm3.<\/p>\n<p>Pourra-t-on compter sur KTM en 2027, o\u00f9 la situation \u00e9conomique dans laquelle se trouve l&rsquo;entreprise aura-t-elle raison de son projet MotoGP ? La r\u00e9ponse a \u00e9t\u00e9 donn\u00e9e par le patron de KTM Motorsport, Pit Beirer, au m\u00e9dia italien Gpone. Et elle est rassurante :<\/p>\n<p>\u00ab Il y a de nombreuses choses sur lesquelles il faut commencer \u00e0 travailler d\u00e8s maintenant, autrement on ne pourra jamais \u00eatre pr\u00eat en 2027. On se pr\u00e9pare pour cette saison, et \u00e0 tout moment o\u00f9 on parle de nos projets, il y a toujours deux \u00e9quipes et quatre motos. Il n&rsquo;y a aucun changement de pr\u00e9vu \u00e0 ce sujet. On ne fera aucune restriction en enlevant deux motos, par exemple. Je pense que pour avoir du succ\u00e8s dans ce paddock, il est essentiel d&rsquo;avoir quatre motos. Donc notre vison est d&rsquo;\u00eatre en piste en 2027 avec une machine fantastique, deux motos et quatre pilotes. \u00bb<\/p>\n<p><a href=\"https:\/\/www.gpone.com\/it\/2025\/07\/22\/motogp\/pit-beirer-ci-stiamo-preparando-per-il-2027-siamo-qui-per-restare.html?ref=gp-inside.com\" rel=\"noreferrer nofollow noopener\" target=\"_blank\"><strong>Cliquez ici pour d\u00e9couvrir l&rsquo;int\u00e9gralit\u00e9 de l&rsquo;entretien en italien<\/strong><\/a><\/p>\n<p>&#13;<br \/>\n           &#13;<br \/>\n&#13;<br \/>\n    &#13;<br \/>\n    &#13;<\/p>\n","protected":false},"excerpt":{"rendered":"&#13; Le patron de KTM Motorsport, Pit Beirer, assure que le constructeur autrichien sera toujours en MotoGP en&hellip;\n","protected":false},"author":2,"featured_media":266364,"comment_status":"","ping_status":"","sticky":false,"template":"","format":"standard","meta":{"footnotes":""},"categories":[1413],"tags":[1011,27,1457,1456,60],"class_list":{"0":"post-266721","1":"post","2":"type-post","3":"status-publish","4":"format-standard","5":"has-post-thumbnail","7":"category-moto","8":"tag-fr","9":"tag-france","10":"tag-moto","11":"tag-motocycle","12":"tag-sports"},"share_on_mastodon":{"url":"https:\/\/pubeurope.com\/@fr\/114899469215649523","error":""},"_links":{"self":[{"href":"https:\/\/www.europesays.com\/fr\/wp-json\/wp\/v2\/posts\/266721","targetHints":{"allow":["GET"]}}],"collection":[{"href":"https:\/\/www.europesays.com\/fr\/wp-json\/wp\/v2\/posts"}],"about":[{"href":"https:\/\/www.europesays.com\/fr\/wp-json\/wp\/v2\/types\/post"}],"author":[{"embeddable":true,"href":"https:\/\/www.europesays.com\/fr\/wp-json\/wp\/v2\/users\/2"}],"replies":[{"embeddable":true,"href":"https:\/\/www.europesays.com\/fr\/wp-json\/wp\/v2\/comments?post=266721"}],"version-history":[{"count":0,"href":"https:\/\/www.europesays.com\/fr\/wp-json\/wp\/v2\/posts\/266721\/revisions"}],"wp:featuredmedia":[{"embeddable":true,"href":"https:\/\/www.europesays.com\/fr\/wp-json\/wp\/v2\/media\/266364"}],"wp:attachment":[{"href":"https:\/\/www.europesays.com\/fr\/wp-json\/wp\/v2\/media?parent=266721"}],"wp:term":[{"taxonomy":"category","embeddable":true,"href":"https:\/\/www.europesays.com\/fr\/wp-json\/wp\/v2\/categories?post=266721"},{"taxonomy":"post_tag","embeddable":true,"href":"https:\/\/www.europesays.com\/fr\/wp-json\/wp\/v2\/tags?post=266721"}],"curies":[{"name":"wp","href":"https:\/\/api.w.org\/{rel}","templated":true}]}}