{"id":266728,"date":"2025-07-22T23:28:12","date_gmt":"2025-07-22T23:28:12","guid":{"rendered":"https:\/\/www.europesays.com\/fr\/266728\/"},"modified":"2025-07-22T23:28:12","modified_gmt":"2025-07-22T23:28:12","slug":"prince-george-a-12-ans-une-erreur-sest-glissee-dans-la-publication-officielle-et-ca-aurait-fait-bondir-kate-middleton","status":"publish","type":"post","link":"https:\/\/www.europesays.com\/fr\/266728\/","title":{"rendered":"Prince George a 12 ans : une erreur s\u2019est gliss\u00e9e dans la publication officielle et \u00e7a aurait fait bondir Kate Middleton"},"content":{"rendered":"<p class=\"p1\">C\u2019est une journ\u00e9e sp\u00e9ciale pour le prince William et<br \/>\nKate Middleton. Mardi 22 juillet, leur fils a\u00een\u00e9, le prince George,<br \/>\na <strong>c\u00e9l\u00e9br\u00e9 ses 12 ans<\/strong>. Comme chaque ann\u00e9e, <a href=\"https:\/\/www.closermag.fr\/royautes\/george-12-ans-et-gentleman-farmer-kate-et-william-devoilent-un-nouveau-cliche-officiel-3565985\" rel=\"nofollow noopener\" target=\"_blank\"><br \/>\nun nouveau portrait<\/a> du futur roi a ainsi \u00e9t\u00e9 d\u00e9voil\u00e9 sur leurs<br \/>\nr\u00e9seaux sociaux.<\/p>\n<p class=\"p1\">Sur la photo, le prince George <strong>appara\u00eet<br \/>\nsouriant<\/strong> et pose accoud\u00e9 \u00e0 une barri\u00e8re en bois. Il est<br \/>\nv\u00eatu d\u2019une chemise \u00e0 carreaux bleue retrouss\u00e9e aux manches et d\u2019un<br \/>\ngilet polaire vert par-dessus. Il porte en plus <a href=\"https:\/\/www.closermag.fr\/royautes\/george-a-12-ans-ce-detail-tres-kid-friendly-qui-saute-aux-yeux-sur-le-nouveau-portrait-officiel-partage-par-ses-parents-3565996\" rel=\"nofollow noopener\" target=\"_blank\"><br \/>\nun bracelet d\u2019amiti\u00e9<\/a> en fil bleu et blanc. \u201cJoyeux 12e<br \/>\nanniversaire au prince George\u201d, est-il \u00e9crit en description,<br \/>\navec un \u00e9moji g\u00e2teau d\u2019anniversaire. Par la suite, une<br \/>\n<strong>vid\u00e9o avec Charlotte et Louis<\/strong> a \u00e9galement \u00e9t\u00e9<br \/>\npubli\u00e9e.<\/p>\n<p><img loading=\"lazy\" decoding=\"async\" aria-describedby=\"caption-attachment-3566230\" itemprop=\"thumbnailUrl\" class=\"size-full wp-image-3566230 img-responsive\" src=\"https:\/\/www.europesays.com\/fr\/wp-content\/uploads\/2025\/07\/le-prince-george-1.jpg\" alt=\"Le prince George c\u00e9l\u00e8bre ses 12 ans, le mardi 22 juillet 2025.\" width=\"1200\" height=\"2139\"\/> \u00a9 JLPPA \/ Bestimage<\/p>\n<p id=\"caption-attachment-3566230\" class=\"wp-caption-text\">Le<br \/>\nprince George c\u00e9l\u00e8bre ses 12 ans, le mardi 22 juillet 2025.<\/p>\n<p>Le portrait du prince George a \u00e9t\u00e9 publi\u00e9 deux<br \/>\nfois<\/p>\n<p class=\"p1\">La photo d\u2019anniversaire du <a href=\"https:\/\/www.closermag.fr\/royautes\/prince-george-a-12-ans-le-fils-de-william-est-le-mini-moi-de-son-pere-la-preuve-en-15-photos-3565889\" rel=\"nofollow noopener\" target=\"_blank\"><br \/>\nprince George<\/a> a \u00e9t\u00e9 partag\u00e9e \u00e0 9h45 par le palais de<br \/>\nKensington. Pourtant, 15 minutes plus tard, <strong>la photo a \u00e9t\u00e9<br \/>\nrepubli\u00e9e<\/strong>. En effet, selon le <a href=\"https:\/\/www.express.co.uk\/news\/royal\/2085126\/kensington-palace-prince-george-birthday\" target=\"_blank\" rel=\"noopener nofollow\">Daily Express<\/a>, une<br \/>\n\u201cerreur\u201d s\u2019est gliss\u00e9e dans la premi\u00e8re publication.<\/p>\n<p class=\"p1\">Sur la deuxi\u00e8me version, <strong>le nom de Josh<br \/>\nSinner<\/strong>, le photographe \u00e0 l\u2019origine du clich\u00e9, a \u00e9t\u00e9<br \/>\najout\u00e9. En effet, le palais de Kensington avait d\u2019abord oubli\u00e9 de<br \/>\nle mentionner. Une erreur qui aurait fait bondir Kate Middleton. La<br \/>\npassionn\u00e9e de photographie tient effectivement \u00e0 ce que toutes ses<br \/>\npublications soient <strong>soigneusement r\u00e9dig\u00e9es et bien<br \/>\nl\u00e9gend\u00e9es<\/strong>.<\/p>\n<blockquote class=\"instagram-media\" style=\"background: #ffffff;border: 0;margin: 1px;width: 100%;padding: 0;max-width: 500px;\" data-instgrm-permalink=\"https:\/\/www.instagram.com\/p\/DMZ2FsCtZXt\/\" data-instgrm-version=\"14\"\/><p>\nJosh Sinner est tr\u00e8s appr\u00e9ci\u00e9 par<br \/>\nKate Middleton<\/p>\n<p class=\"p1\">Si le nom de Josh Sinner est bien apparu apr\u00e8s<br \/>\nrectification, ce n\u2019est pas la premi\u00e8re fois que le prince et<br \/>\n<a href=\"https:\/\/www.closermag.fr\/royautes\/kate-middleton-pour-les-douze-ans-de-george-on-sait-deja-ce-quelle-va-faire-3565789\" rel=\"nofollow noopener\" target=\"_blank\"><br \/>\nla princesse de Galles<\/a> font appel \u00e0 ses services. En 2023, il<br \/>\navait par exemple immortalis\u00e9 <strong>la carte de No\u00ebl<\/strong> de<br \/>\nla famille.<\/p>\n<p class=\"p1\">Plus r\u00e9cemment, le photographe a pris des photos de<br \/>\n<strong>Kate Middleton<\/strong> pour son anniversaire ou lors de<br \/>\nson d\u00e9placement en \u00c9cosse. Il s\u2019est aussi charg\u00e9 du portrait du<br \/>\n<a href=\"https:\/\/www.closermag.fr\/royautes\/prince-louis-a-7-ans-kate-brise-deux-traditions-avec-le-portrait-de-son-plus-jeune-fils-3539227\" rel=\"nofollow noopener\" target=\"_blank\"><br \/>\nprince Louis<\/a> pour ses sept ans et de la photo prise pour<br \/>\n<strong>la f\u00eate des P\u00e8res<\/strong>. Ces deux derniers clich\u00e9s ont<br \/>\nd\u2019ailleurs \u00e9t\u00e9 pris le m\u00eame jour que celui de l\u2019anniversaire du<br \/>\nprince George. Un portrait simple et naturel pour marquer ses 12<br \/>\nans.<\/p>\n<p><script async src=\"\/\/www.instagram.com\/embed.js\"><\/script><\/p>\n","protected":false},"excerpt":{"rendered":"C\u2019est une journ\u00e9e sp\u00e9ciale pour le prince William et Kate Middleton. Mardi 22 juillet, leur fils a\u00een\u00e9, le&hellip;\n","protected":false},"author":2,"featured_media":266729,"comment_status":"","ping_status":"","sticky":false,"template":"","format":"standard","meta":{"footnotes":""},"categories":[1359],"tags":[548,58,59,1011,27,5858,973,6987],"class_list":{"0":"post-266728","1":"post","2":"type-post","3":"status-publish","4":"format-standard","5":"has-post-thumbnail","7":"category-people","8":"tag-article-simple","9":"tag-divertissement","10":"tag-entertainment","11":"tag-fr","12":"tag-france","13":"tag-kate-middleton","14":"tag-people","15":"tag-prince-george"},"share_on_mastodon":{"url":"https:\/\/pubeurope.com\/@fr\/114899484955039918","error":""},"_links":{"self":[{"href":"https:\/\/www.europesays.com\/fr\/wp-json\/wp\/v2\/posts\/266728","targetHints":{"allow":["GET"]}}],"collection":[{"href":"https:\/\/www.europesays.com\/fr\/wp-json\/wp\/v2\/posts"}],"about":[{"href":"https:\/\/www.europesays.com\/fr\/wp-json\/wp\/v2\/types\/post"}],"author":[{"embeddable":true,"href":"https:\/\/www.europesays.com\/fr\/wp-json\/wp\/v2\/users\/2"}],"replies":[{"embeddable":true,"href":"https:\/\/www.europesays.com\/fr\/wp-json\/wp\/v2\/comments?post=266728"}],"version-history":[{"count":0,"href":"https:\/\/www.europesays.com\/fr\/wp-json\/wp\/v2\/posts\/266728\/revisions"}],"wp:featuredmedia":[{"embeddable":true,"href":"https:\/\/www.europesays.com\/fr\/wp-json\/wp\/v2\/media\/266729"}],"wp:attachment":[{"href":"https:\/\/www.europesays.com\/fr\/wp-json\/wp\/v2\/media?parent=266728"}],"wp:term":[{"taxonomy":"category","embeddable":true,"href":"https:\/\/www.europesays.com\/fr\/wp-json\/wp\/v2\/categories?post=266728"},{"taxonomy":"post_tag","embeddable":true,"href":"https:\/\/www.europesays.com\/fr\/wp-json\/wp\/v2\/tags?post=266728"}],"curies":[{"name":"wp","href":"https:\/\/api.w.org\/{rel}","templated":true}]}}