{"id":266732,"date":"2025-07-22T23:30:19","date_gmt":"2025-07-22T23:30:19","guid":{"rendered":"https:\/\/www.europesays.com\/fr\/266732\/"},"modified":"2025-07-22T23:30:19","modified_gmt":"2025-07-22T23:30:19","slug":"tu-es-exactement-la-ou-tu-avais-besoin-detre","status":"publish","type":"post","link":"https:\/\/www.europesays.com\/fr\/266732\/","title":{"rendered":"Tu es exactement l\u00e0 o\u00f9 tu avais besoin d\u2019\u00eatre"},"content":{"rendered":"<p><strong>Antoine \u00e9prouve un mal-\u00eatre qu\u2019il ne s\u2019explique pas. \u00c9puisement professionnel ou angoisse de la quarantaine qui approche \u00e0 grands pas? Les hypoth\u00e8ses se bousculent, mais rien ne semble vraiment coller, jusqu\u2019au moment o\u00f9 il se retrouve devant des bo\u00eetes de bric-\u00e0-brac issues de son pass\u00e9. Habit\u00e9 d\u2019une certaine appr\u00e9hension, il h\u00e9site tout d\u2019abord \u00e0 ouvrir un carton de photographies de sa jeunesse.<\/strong> <\/p>\n<p>Depuis dix ans qu\u2019il vit \u00e0 Montr\u00e9al, il lui semblait facile d\u2019occulter son pass\u00e9 outre-Atlantique, mais il ne peut d\u00e9sormais plus emp\u00eacher le d\u00e9ferlement des souvenirs. Un p\u00e8re brutal et m\u00e9prisant, une m\u00e8re plus ou moins pr\u00e9sente, et la d\u00e9couverte honteuse de son d\u00e9sir pour les hommes fr\u00e9missent en surface. Ce qui se d\u00e9tache avec force, c\u2019est cependant la m\u00e9moire des abus sexuels subis entre les mains de son fr\u00e8re a\u00een\u00e9. L\u2019auteur, Laurent Lepinois, ne se limite pas \u00e0 d\u00e9cliner une litanie de tourments, mais s\u2019ing\u00e9nie plut\u00f4t \u00e0 les contextualiser et \u00e0 en d\u00e9cortiquer les rouages insidieux.<\/p>\n<p>Ainsi, alors qu\u2019Antoine s\u2019attend \u00e0 ce que son fr\u00e8re r\u00e9fute l\u2019existence m\u00eame des abus, celui-ci le prend de court en les admettant, tout en manipulant la r\u00e9alit\u00e9 afin de se pr\u00e9senter comme la v\u00e9ritable victime. Il est \u00e9galement confront\u00e9 \u00e0 cette strat\u00e9gie de d\u00e9tournement des faits lorsque, apr\u00e8s avoir repouss\u00e9 les avances de son patron, ce dernier lui ass\u00e8ne une r\u00e9plique infantilisante qui lui en fait porter l\u2019odieux : \u00ab Si tu veux avancer dans la vie, il va falloir que tu fasses des concessions. \u00bb Du haut de sa quarantaine naissante, Antoine parvient progressivement \u00e0 porter un regard plus mature sur l\u2019instrumentalisation des faits dont il a \u00e9t\u00e9 victime. <\/p>\n<p>Il parvient ainsi \u00e0 s\u2019en d\u00e9tacher pour tenter de mieux vivre le moment pr\u00e9sent. \u00c0 cet \u00e9gard, le titre du roman peut \u00e0 la fois \u00e9voquer un \u00e9tat \u00e9motionnel ou encore l\u2019instant pr\u00e9cis o\u00f9 il se retrouve devant son carton de souvenirs. Un premier roman de Laurent Lepinois qui pr\u00e9sente une chronique incisive et sensible des r\u00e9percussions d\u2019une jeunesse tourment\u00e9e. Les curieux seront \u00e9galement ravis d\u2019y retrouver un chapitre o\u00f9 il relate sa d\u00e9couverte du Qu\u00e9bec.<\/p>\n<p><strong>INFOS | Tu es exactement l\u00e0 o\u00f9 tu avais besoin d\u2019\u00eatre\u00a0\/ Laurent Lepinois. Paris :<br \/>\u00c9ditions du Panth\u00e9on, 2025. 255 p.<\/strong><\/p>\n","protected":false},"excerpt":{"rendered":"Antoine \u00e9prouve un mal-\u00eatre qu\u2019il ne s\u2019explique pas. \u00c9puisement professionnel ou angoisse de la quarantaine qui approche \u00e0&hellip;\n","protected":false},"author":2,"featured_media":266733,"comment_status":"","ping_status":"","sticky":false,"template":"","format":"standard","meta":{"footnotes":""},"categories":[1357],"tags":[1379,58,59,1011,27,1380,2004],"class_list":{"0":"post-266732","1":"post","2":"type-post","3":"status-publish","4":"format-standard","5":"has-post-thumbnail","7":"category-livres","8":"tag-books","9":"tag-divertissement","10":"tag-entertainment","11":"tag-fr","12":"tag-france","13":"tag-livres","14":"tag-roman"},"share_on_mastodon":{"url":"https:\/\/pubeurope.com\/@fr\/114899492875059870","error":""},"_links":{"self":[{"href":"https:\/\/www.europesays.com\/fr\/wp-json\/wp\/v2\/posts\/266732","targetHints":{"allow":["GET"]}}],"collection":[{"href":"https:\/\/www.europesays.com\/fr\/wp-json\/wp\/v2\/posts"}],"about":[{"href":"https:\/\/www.europesays.com\/fr\/wp-json\/wp\/v2\/types\/post"}],"author":[{"embeddable":true,"href":"https:\/\/www.europesays.com\/fr\/wp-json\/wp\/v2\/users\/2"}],"replies":[{"embeddable":true,"href":"https:\/\/www.europesays.com\/fr\/wp-json\/wp\/v2\/comments?post=266732"}],"version-history":[{"count":0,"href":"https:\/\/www.europesays.com\/fr\/wp-json\/wp\/v2\/posts\/266732\/revisions"}],"wp:featuredmedia":[{"embeddable":true,"href":"https:\/\/www.europesays.com\/fr\/wp-json\/wp\/v2\/media\/266733"}],"wp:attachment":[{"href":"https:\/\/www.europesays.com\/fr\/wp-json\/wp\/v2\/media?parent=266732"}],"wp:term":[{"taxonomy":"category","embeddable":true,"href":"https:\/\/www.europesays.com\/fr\/wp-json\/wp\/v2\/categories?post=266732"},{"taxonomy":"post_tag","embeddable":true,"href":"https:\/\/www.europesays.com\/fr\/wp-json\/wp\/v2\/tags?post=266732"}],"curies":[{"name":"wp","href":"https:\/\/api.w.org\/{rel}","templated":true}]}}