{"id":266740,"date":"2025-07-22T23:34:11","date_gmt":"2025-07-22T23:34:11","guid":{"rendered":"https:\/\/www.europesays.com\/fr\/266740\/"},"modified":"2025-07-22T23:34:11","modified_gmt":"2025-07-22T23:34:11","slug":"un-cas-de-rougeole-chez-un-nourrisson-de-23-mois-a-la-reunion-une-premiere-depuis-2019-linfo-re","status":"publish","type":"post","link":"https:\/\/www.europesays.com\/fr\/266740\/","title":{"rendered":"Un cas de rougeole chez un nourrisson de 23 mois \u00e0 La R\u00e9union : une premi\u00e8re depuis 2019 ! &#8211; LINFO.re"},"content":{"rendered":"<p>Un cas de rougeole autochtone chez un nourrisson de 23 mois a \u00e9t\u00e9 d\u00e9clar\u00e9 le 17 juillet 2025. Une premi\u00e8re depuis 2019 dans l\u2019\u00eele, alors que la France hexagonale fait face \u00e0 une recrudescence des cas depuis le d\u00e9but de l\u2019ann\u00e9e.<\/p>\n<p style=\"text-align: justify;\">D\u00e8s r\u00e9ception du signal, des mesures de pr\u00e9vention et de gestion du risque sanitaire ont \u00e9t\u00e9 mises en place par l\u2019ARS pour pr\u00e9venir d\u2019\u00e9ventuelles contaminations\u00a0:<\/p>\n<p style=\"text-align: justify;\">\u2022 Identification des personnes contacts et v\u00e9rification de leur statut vaccinal.<\/p>\n<p style=\"text-align: justify;\">\u2022 Communication \u00e0 destination des professionnels de sant\u00e9 (m\u00e9decins de ville via les URPS et le Conseil de l\u2019ordre, services d\u2019urgences p\u00e9diatriques et SAMU, infectiologues, structures de permanence des soins ambulatoires).<\/p>\n<p style=\"text-align: justify;\">A ce jour, 16 personnes contact intra et extra-familiaux ont \u00e9t\u00e9 identifi\u00e9es\u00a0: 5 adultes et 11 enfants (dont 2 non vaccin\u00e9s).<\/p>\n<p>Une vaccination obligatoire<\/p>\n<p style=\"text-align: justify;\">La vaccination contre la rougeole est obligatoire pour tous les enfants n\u00e9s depuis le 1er janvier 2018. La premi\u00e8re dose est administr\u00e9e \u00e0 12 mois et la seconde entre 16 et 18 mois. Les personnes n\u00e9es apr\u00e8s 1980 devraient avoir re\u00e7u au total 2 doses de vaccin, quels que soient les ant\u00e9c\u00e9dents vis-\u00e0-vis de la maladie. La vaccination contre la rougeole prot\u00e8ge de la maladie dans pr\u00e8s de 100% des cas apr\u00e8s 2 doses de vaccin.<\/p>\n<p style=\"text-align: justify;\">Pour les personnes n\u00e9es avant 1980, 1 seule dose de vaccin est recommand\u00e9e. Elles peuvent v\u00e9rifier leur parcours vaccinal aupr\u00e8s de leur m\u00e9decin.<\/p>\n","protected":false},"excerpt":{"rendered":"Un cas de rougeole autochtone chez un nourrisson de 23 mois a \u00e9t\u00e9 d\u00e9clar\u00e9 le 17 juillet 2025.&hellip;\n","protected":false},"author":2,"featured_media":266741,"comment_status":"","ping_status":"","sticky":false,"template":"","format":"standard","meta":{"footnotes":""},"categories":[10],"tags":[328,47,1011,27,72,6335,1922,6336,7224,71],"class_list":{"0":"post-266740","1":"post","2":"type-post","3":"status-publish","4":"format-standard","5":"has-post-thumbnail","7":"category-sante","8":"tag-a-la-une","9":"tag-actualite","10":"tag-fr","11":"tag-france","12":"tag-health","13":"tag-home-page","14":"tag-info","15":"tag-la-reunion","16":"tag-newsletter-soir","17":"tag-sante"},"share_on_mastodon":{"url":"https:\/\/pubeurope.com\/@fr\/114899508522711466","error":""},"_links":{"self":[{"href":"https:\/\/www.europesays.com\/fr\/wp-json\/wp\/v2\/posts\/266740","targetHints":{"allow":["GET"]}}],"collection":[{"href":"https:\/\/www.europesays.com\/fr\/wp-json\/wp\/v2\/posts"}],"about":[{"href":"https:\/\/www.europesays.com\/fr\/wp-json\/wp\/v2\/types\/post"}],"author":[{"embeddable":true,"href":"https:\/\/www.europesays.com\/fr\/wp-json\/wp\/v2\/users\/2"}],"replies":[{"embeddable":true,"href":"https:\/\/www.europesays.com\/fr\/wp-json\/wp\/v2\/comments?post=266740"}],"version-history":[{"count":0,"href":"https:\/\/www.europesays.com\/fr\/wp-json\/wp\/v2\/posts\/266740\/revisions"}],"wp:featuredmedia":[{"embeddable":true,"href":"https:\/\/www.europesays.com\/fr\/wp-json\/wp\/v2\/media\/266741"}],"wp:attachment":[{"href":"https:\/\/www.europesays.com\/fr\/wp-json\/wp\/v2\/media?parent=266740"}],"wp:term":[{"taxonomy":"category","embeddable":true,"href":"https:\/\/www.europesays.com\/fr\/wp-json\/wp\/v2\/categories?post=266740"},{"taxonomy":"post_tag","embeddable":true,"href":"https:\/\/www.europesays.com\/fr\/wp-json\/wp\/v2\/tags?post=266740"}],"curies":[{"name":"wp","href":"https:\/\/api.w.org\/{rel}","templated":true}]}}