{"id":266744,"date":"2025-07-22T23:36:14","date_gmt":"2025-07-22T23:36:14","guid":{"rendered":"https:\/\/www.europesays.com\/fr\/266744\/"},"modified":"2025-07-22T23:36:14","modified_gmt":"2025-07-22T23:36:14","slug":"dans-les-quatre-fantastiques-premiers-pas-marvel-en-mode-retro-futurisme-sixties-liberation","status":"publish","type":"post","link":"https:\/\/www.europesays.com\/fr\/266744\/","title":{"rendered":"Dans \u00ables Quatre Fantastiques, premiers pas\u00bb, Marvel en mode r\u00e9tro-futurisme sixties \u2013 Lib\u00e9ration"},"content":{"rendered":"<p class=\"sc-ksZaOG ehjQrN text-element\">Les films Marvel se suivent et essaient de ne pas se ressembler. Apr\u00e8s <a href=\"https:\/\/www.liberation.fr\/culture\/cinema\/thunderbolts-marvel-sous-haute-depression-20250429_KCCNPQBHVRC6PL2SN3KTW35HCI\/\" target=\"_blank\" rel=\"noreferrer nofollow noopener\" title=\"https:\/\/www.liberation.fr\/culture\/cinema\/thunderbolts-marvel-sous-haute-depression-20250429_KCCNPQBHVRC6PL2SN3KTW35HCI\/\">Thunderbolts*<\/a>, tentative d\u2019\u00e9muler une production A24 en y d\u00e9signant la d\u00e9pression comme ennemi \u00e0 combattre, le studio troque le blues pour le bleu pimpant, celui des pyjamas-uniformes des Quatre Fantastiques et d\u2019un \u00e9t\u00e9 2025 super-h\u00e9ro\u00efque revendiquant l\u2019optimisme, comme <a href=\"https:\/\/www.liberation.fr\/culture\/cinema\/superman-de-james-gunn-very-good-slip-20250708_HJHT4AOS35EOTOACV4SWDGJNZ4\/\" target=\"_blank\" rel=\"noreferrer nofollow noopener\" title=\"https:\/\/www.liberation.fr\/culture\/cinema\/superman-de-james-gunn-very-good-slip-20250708_HJHT4AOS35EOTOACV4SWDGJNZ4\/\">le Superman dans le camp DC d\u2019en face<\/a>. Apr\u00e8s une version nanarde produite par <a href=\"https:\/\/www.liberation.fr\/culture\/cinema\/mort-de-roger-corman-maitre-adule-de-la-serie-b-20240512_ZIEGZ6PX75GCLBUUABAZPDYU5A\/\" target=\"_blank\" rel=\"noreferrer nofollow noopener\" title=\"https:\/\/www.liberation.fr\/culture\/cinema\/mort-de-roger-corman-maitre-adule-de-la-serie-b-20240512_ZIEGZ6PX75GCLBUUABAZPDYU5A\/\">Roger Corman<\/a>, une autre tr\u00e8s g\u00e9n\u00e9rique par Tim Story il y a vingt ans et un accident industriel par Josh Trank en 2015, c\u2019est la quatri\u00e8me adaptation, et la plus satisfaisante<\/p>\n","protected":false},"excerpt":{"rendered":"Les films Marvel se suivent et essaient de ne pas se ressembler. Apr\u00e8s Thunderbolts*, tentative d\u2019\u00e9muler une production&hellip;\n","protected":false},"author":2,"featured_media":266745,"comment_status":"","ping_status":"","sticky":false,"template":"","format":"standard","meta":{"footnotes":""},"categories":[8],"tags":[413,58,59,1011,27],"class_list":{"0":"post-266744","1":"post","2":"type-post","3":"status-publish","4":"format-standard","5":"has-post-thumbnail","7":"category-divertissement","8":"tag-ca-va-mieux-lisant","9":"tag-divertissement","10":"tag-entertainment","11":"tag-fr","12":"tag-france"},"share_on_mastodon":{"url":"https:\/\/pubeurope.com\/@fr\/114899516471641496","error":""},"_links":{"self":[{"href":"https:\/\/www.europesays.com\/fr\/wp-json\/wp\/v2\/posts\/266744","targetHints":{"allow":["GET"]}}],"collection":[{"href":"https:\/\/www.europesays.com\/fr\/wp-json\/wp\/v2\/posts"}],"about":[{"href":"https:\/\/www.europesays.com\/fr\/wp-json\/wp\/v2\/types\/post"}],"author":[{"embeddable":true,"href":"https:\/\/www.europesays.com\/fr\/wp-json\/wp\/v2\/users\/2"}],"replies":[{"embeddable":true,"href":"https:\/\/www.europesays.com\/fr\/wp-json\/wp\/v2\/comments?post=266744"}],"version-history":[{"count":0,"href":"https:\/\/www.europesays.com\/fr\/wp-json\/wp\/v2\/posts\/266744\/revisions"}],"wp:featuredmedia":[{"embeddable":true,"href":"https:\/\/www.europesays.com\/fr\/wp-json\/wp\/v2\/media\/266745"}],"wp:attachment":[{"href":"https:\/\/www.europesays.com\/fr\/wp-json\/wp\/v2\/media?parent=266744"}],"wp:term":[{"taxonomy":"category","embeddable":true,"href":"https:\/\/www.europesays.com\/fr\/wp-json\/wp\/v2\/categories?post=266744"},{"taxonomy":"post_tag","embeddable":true,"href":"https:\/\/www.europesays.com\/fr\/wp-json\/wp\/v2\/tags?post=266744"}],"curies":[{"name":"wp","href":"https:\/\/api.w.org\/{rel}","templated":true}]}}