{"id":266748,"date":"2025-07-22T23:38:13","date_gmt":"2025-07-22T23:38:13","guid":{"rendered":"https:\/\/www.europesays.com\/fr\/266748\/"},"modified":"2025-07-22T23:38:13","modified_gmt":"2025-07-22T23:38:13","slug":"ubisoft-va-se-reorganiser-en-plusieurs-creative-houses","status":"publish","type":"post","link":"https:\/\/www.europesays.com\/fr\/266748\/","title":{"rendered":"Ubisoft va se r\u00e9organiser en plusieurs \u00abCreative Houses\u00bb"},"content":{"rendered":"<p>Chacune de ces entit\u00e9s, qui refl\u00e9teront la diversit\u00e9 du catalogue de l\u2019\u00e9diteur, sera dot\u00e9e de sa propre \u00e9quipe de direction. Assassin\u2019s Creed Shadows a, lui, d\u00e9pass\u00e9 les 5 millions de joueurs.<\/p>\n<p class=\"fig-paragraph\">Le bigbang \u00e0 venir chez Ubisoft se pr\u00e9cise&#8230; tout en restant flou. \u00c0 l\u2019occasion de la publicit\u00e9 de ses r\u00e9sultats pour le trimestre avril-juin 2025, le g\u00e9ant fran\u00e7ais du jeu vid\u00e9o en a dit plus sur sa future r\u00e9organisation. On savait d\u00e9j\u00e0 qu\u2019une \u00abnouvelle filiale\u00bb,\u00a0<a href=\"http:\/\/www.lefigaro.fr\/secteur\/high-tech\/tout-a-change-renfloue-par-le-geant-chinois-tencent-plebiscite-par-les-fans-ubisoft-remonte-la-pente-20250328\" data-fig-type=\"NewsFlash\" data-gtm-custom-categorie=\"navigation\" data-gtm-custom-action=\"crossclick\" data-gtm-custom-label=\"Contextuel\" data-gtm-event=\"customEventSPE\" data-fig-domain=\"LEFIGARO\" target=\"_blank\" rel=\"noopener\">co-d\u00e9tenue par le g\u00e9ant chinois Tencent<\/a>, allait se charger d\u2019exploiter les plus juteuses licences de l\u2019\u00e9diteur fran\u00e7ais que sont Assassin\u2019s Creed, Far Cry, et Rainbow Six.\u00a0<a href=\"http:\/\/www.lefigaro.fr\/medias\/ubisoft-nomme-charlie-guillemot-et-christophe-derennes-comme-co-dirigeants-de-sa-future-filiale-20250716\" data-fig-type=\"NewsFlash\" data-gtm-custom-categorie=\"navigation\" data-gtm-custom-action=\"crossclick\" data-gtm-custom-label=\"Contextuel\" data-gtm-event=\"customEventSPE\" data-fig-domain=\"LEFIGARO\" target=\"_blank\" rel=\"noopener\">Elle sera codirig\u00e9e par Charlie Guillelot et Christophe Derennes<\/a>.<\/p>\n<p class=\"fig-paragraph\">Mais Ubisoft annonce ce mardi que c\u2019est en r\u00e9alit\u00e9 l\u2019ensemble du groupe qui sera bient\u00f4t subdivis\u00e9 en plusieurs unit\u00e9s autonomes, nomm\u00e9es \u00abCreative Houses\u00bb. Plut\u00f4t que de man\u0153uvrer un immense paquebot de 17.000 salari\u00e9s r\u00e9partis sur les cinq continents, Ubisoft pr\u00e9f\u00e8re donc se r\u00e9organiser en multiples corvettes, bien plus agiles.<\/p>\n<p>                                    <a class=\"fig-a11y-skip a11y-hidden\" href=\"#fig-a11y-skip-main-inarticle\"><br \/>\n        Passer la publicit\u00e9<br \/>\n    <\/a><\/p>\n<p>Les d\u00e9tails d\u00e9voil\u00e9s en fin d\u2019ann\u00e9e<\/p>\n<p class=\"fig-paragraph\">\u00abLa nouvelle filiale\u00bb, qui n\u2019a pas encore de nom, sera l\u2019une de ces \u00abCreative Houses\u00bb. Les autres, dont le nombre est lui aussi tenu secret, auront pour objectif de \u00abrefl\u00e9ter la diversit\u00e9 des exp\u00e9riences de jeu propos\u00e9es\u00bb par le groupe bas\u00e9 \u00e0 Saint-Mand\u00e9. En effet, Ubisoft ne se r\u00e9sume pas \u00e0 son porte-\u00e9tendard Assassin\u2019s Creed. L\u2019\u00e9diteur, qui f\u00eate ses 40 ans, est aussi derri\u00e8re des jeux de plateformes (<a href=\"https:\/\/www.lefigaro.fr\/jeux-video\/2013\/09\/12\/03019-20130912ARTFIG00493-test-rayman-legends-la-positive-attitude.php\" data-fig-type=\"Article\" data-gtm-custom-categorie=\"navigation\" data-gtm-custom-action=\"crossclick\" data-gtm-custom-label=\"Contextuel\" data-gtm-event=\"customEventSPE\" data-fig-domain=\"LEFIGARO\" target=\"_blank\" rel=\"noopener\">Rayman<\/a>), de courses automobiles (The Crew), de sports extr\u00eames (Steep), d\u2019action (Prince of Persia), de strat\u00e9gie (Anno,\u00a0<a href=\"https:\/\/www.lefigaro.fr\/secteur\/high-tech\/2017\/06\/13\/32001-20170613ARTFIG00055-mario-et-les-lapins-cretins-les-coulisses-de-la-collaboration-exceptionnelle-entre-nintendo-et-ubisoft.php\" data-fig-type=\"Article\" data-gtm-custom-categorie=\"navigation\" data-gtm-custom-action=\"crossclick\" data-gtm-custom-label=\"Contextuel\" data-gtm-event=\"customEventSPE\" data-fig-domain=\"LEFIGARO\" target=\"_blank\" rel=\"noopener\">Mario et les Lapins Cr\u00e9tins<\/a>), de danse (Just Dance), et de multiples jeux mobile&#8230;<\/p>\n<p class=\"fig-paragraph\">Chacune de ces \u00abCreative House\u00bb aura \u00abune feuille de route claire\u00bb, \u00abdes objectifs d\u00e9di\u00e9s\u00bb, et \u00absa propre \u00e9quipe de direction\u00bb. \u00abCette \u00e9volution vise \u00e0 renforcer la qualit\u00e9, l\u2019autonomie et la clart\u00e9 des responsabilit\u00e9s, tout en favorisant une plus grande proximit\u00e9 avec les joueurs et une allocation rigoureuse du capital\u00bb, indique le groupe dans un communiqu\u00e9. Seront-elles aussi des entit\u00e9s juridiques s\u00e9par\u00e9es\u00a0? Quelles tailles auront-elles\u00a0? Des investisseurs externes pourraient-ils s\u2019inviter dans la partie\u00a0? Ubisoft renvoie \u00e0 la fin d\u2019ann\u00e9e pour livrer tous les d\u00e9tails de sa r\u00e9organisation.<\/p>\n<p class=\"fig-paragraph\">Cette derni\u00e8re a pour objectif de redonner du lustre \u00e0 ce fleuron tricolore, qui peine \u00e0 sortir d\u2019une s\u00e9quence commerciale difficile entam\u00e9e depuis l\u2019apr\u00e8s-Covid. Ubisoft ne pr\u00e9voit pas de retour aux b\u00e9n\u00e9fices avant l\u2019ann\u00e9e fiscale 2026\/2027. Pour la p\u00e9riode avril-juin 2025, o\u00f9 aucun jeu majeur n\u2019est sorti, il annonce un chiffre d\u2019affaires en recul de 3,9% (\u00e0 310 millions d\u2019euros). Par ailleurs, l\u2019apport d\u2019argent frais de la part de Tencent (1,16 milliard d\u2019euros) permettra d\u2019\u00e9ponger les dettes du groupe. L\u2019op\u00e9ration doit se boucler d\u2019ici la fin d\u2019ann\u00e9e.<\/p>\n<p class=\"fig-paragraph\">Ubisoft en profite pour enfin d\u00e9voiler de nouveaux chiffres autour de son jeu \u00e0 tr\u00e8s gros budget (largement sup\u00e9rieur \u00e0 100 millions de dollars)\u00a0<a href=\"http:\/\/www.lefigaro.fr\/medias\/c-est-notre-futur-qui-est-en-train-de-s-ecrire-ubisoft-joue-son-va-tout-avec-son-jeu-assassin-s-creed-shadows-20250319\" data-fig-type=\"Article\" data-gtm-custom-categorie=\"navigation\" data-gtm-custom-action=\"crossclick\" data-gtm-custom-label=\"Contextuel\" data-gtm-event=\"customEventSPE\" data-fig-domain=\"LEFIGARO\" target=\"_blank\" rel=\"noopener\">Assassin\u2019s Creed Shadows<\/a>: \u00abIl est en ligne avec les attentes, totalisant d\u00e9sormais plus de 5 millions de joueurs uniques depuis son lancement\u00bb en mars dernier.<\/p>\n","protected":false},"excerpt":{"rendered":"Chacune de ces entit\u00e9s, qui refl\u00e9teront la diversit\u00e9 du catalogue de l\u2019\u00e9diteur, sera dot\u00e9e de sa propre \u00e9quipe&hellip;\n","protected":false},"author":2,"featured_media":266749,"comment_status":"","ping_status":"","sticky":false,"template":"","format":"standard","meta":{"footnotes":""},"categories":[6],"tags":[4452,35,33,34,1011,27,1036,4455],"class_list":{"0":"post-266748","1":"post","2":"type-post","3":"status-publish","4":"format-standard","5":"has-post-thumbnail","7":"category-economie","8":"tag-assassins-creed","9":"tag-business","10":"tag-economie","11":"tag-economy","12":"tag-fr","13":"tag-france","14":"tag-jeux-video","15":"tag-ubisoft"},"share_on_mastodon":{"url":"https:\/\/pubeurope.com\/@fr\/114899524670246576","error":""},"_links":{"self":[{"href":"https:\/\/www.europesays.com\/fr\/wp-json\/wp\/v2\/posts\/266748","targetHints":{"allow":["GET"]}}],"collection":[{"href":"https:\/\/www.europesays.com\/fr\/wp-json\/wp\/v2\/posts"}],"about":[{"href":"https:\/\/www.europesays.com\/fr\/wp-json\/wp\/v2\/types\/post"}],"author":[{"embeddable":true,"href":"https:\/\/www.europesays.com\/fr\/wp-json\/wp\/v2\/users\/2"}],"replies":[{"embeddable":true,"href":"https:\/\/www.europesays.com\/fr\/wp-json\/wp\/v2\/comments?post=266748"}],"version-history":[{"count":0,"href":"https:\/\/www.europesays.com\/fr\/wp-json\/wp\/v2\/posts\/266748\/revisions"}],"wp:featuredmedia":[{"embeddable":true,"href":"https:\/\/www.europesays.com\/fr\/wp-json\/wp\/v2\/media\/266749"}],"wp:attachment":[{"href":"https:\/\/www.europesays.com\/fr\/wp-json\/wp\/v2\/media?parent=266748"}],"wp:term":[{"taxonomy":"category","embeddable":true,"href":"https:\/\/www.europesays.com\/fr\/wp-json\/wp\/v2\/categories?post=266748"},{"taxonomy":"post_tag","embeddable":true,"href":"https:\/\/www.europesays.com\/fr\/wp-json\/wp\/v2\/tags?post=266748"}],"curies":[{"name":"wp","href":"https:\/\/api.w.org\/{rel}","templated":true}]}}