{"id":266750,"date":"2025-07-22T23:39:09","date_gmt":"2025-07-22T23:39:09","guid":{"rendered":"https:\/\/www.europesays.com\/fr\/266750\/"},"modified":"2025-07-22T23:39:09","modified_gmt":"2025-07-22T23:39:09","slug":"les-deputes-rejettent-le-plan-anti-pannes-electriques-du-gouvernement-sanchez","status":"publish","type":"post","link":"https:\/\/www.europesays.com\/fr\/266750\/","title":{"rendered":"Les d\u00e9put\u00e9s rejettent le plan anti-pannes \u00e9lectriques du gouvernement S\u00e1nchez"},"content":{"rendered":"<p>Coup de tonnerre \u00e0 <a href=\"https:\/\/www.20minutes.fr\/dossier\/madrid\" target=\"_blank\" class=\"color-ultramarine c-link\" rel=\"noopener\">Madrid<\/a>\u00a0! Les d\u00e9put\u00e9s espagnols ont rejet\u00e9 mardi le plan d\u2019urgence du gouvernement de <a href=\"https:\/\/www.20minutes.fr\/monde\/pedro-sanchez\/\" target=\"_blank\" class=\"color-ultramarine c-link\" rel=\"noopener\">Pedro S\u00e1nchez<\/a> destin\u00e9 \u00e0 \u00e9viter une nouvelle m\u00e9ga-panne \u00e9lectrique comme celle qui avait plong\u00e9 la p\u00e9ninsule ib\u00e9rique dans le noir le 28\u00a0avril dernier. Un revers politique majeur pour l\u2019ex\u00e9cutif de gauche, pris entre l\u2019opposition farouche du Parti populaire (PP) et le rejet des partis des extr\u00eames.<\/p>\n<p>Adopt\u00e9 en <a href=\"https:\/\/www.20minutes.fr\/dossier\/conseil_des_ministres\" target=\"_blank\" class=\"color-ultramarine c-link\" rel=\"noopener\">Conseil des ministres<\/a> le 24\u00a0juin, le d\u00e9cret-loi entendait renforcer la r\u00e9silience du <a href=\"https:\/\/www.20minutes.fr\/dossier\/electricite\" target=\"_blank\" class=\"color-ultramarine c-link\" rel=\"noopener\">r\u00e9seau \u00e9lectrique<\/a> national face aux d\u00e9faillances syst\u00e9miques r\u00e9v\u00e9l\u00e9es par la panne d\u2019avril, qui avait laiss\u00e9 l\u2019<a href=\"https:\/\/www.20minutes.fr\/dossier\/espagne\" target=\"_blank\" class=\"color-ultramarine c-link\" rel=\"noopener\">Espagne<\/a> (et une partie du <a href=\"https:\/\/www.20minutes.fr\/dossier\/portugal\" target=\"_blank\" class=\"color-ultramarine c-link\" rel=\"noopener\">Portugal<\/a>) sans \u00e9lectricit\u00e9 pendant pr\u00e8s de dix heures. Mais ce texte n\u2019a recueilli que 165 voix favorables contre 183 votes d\u00e9favorables au Congr\u00e8s des d\u00e9put\u00e9s. Le gouvernement a donc \u00e9t\u00e9 battu, faute de majorit\u00e9, notamment \u00e0 cause du PP qui a choisi de voter contre alors qu\u2019une abstention aurait suffi \u00e0 sauver le plan.<\/p>\n<p>Un \u00e9chec total pour l\u2019ex\u00e9cutif<\/p>\n<p>Depuis <a href=\"https:\/\/www.20minutes.fr\/dossier\/uruguay\" target=\"_blank\" class=\"color-ultramarine c-link\" rel=\"noopener\">Montevideo<\/a>, o\u00f9 il est en d\u00e9placement, Pedro S\u00e1nchez avait anticip\u00e9 l\u2019\u00e9chec et promis de revenir \u00e0 la charge\u00a0: \u00ab\u00a0Je vous pr\u00e9dis qu\u2019il sera vot\u00e9\u00a0\u00bb, a-t-il lanc\u00e9 \u00e0 la presse quelques heures avant le <a href=\"https:\/\/www.20minutes.fr\/dossier\/scrutin\" target=\"_blank\" class=\"color-ultramarine c-link\" rel=\"noopener\">scrutin<\/a>. Pour le chef du gouvernement, l\u2019enjeu \u00e9tait double\u00a0: prot\u00e9ger le pays contre un nouveau chaos \u00e9nerg\u00e9tique et prouver sa capacit\u00e9 \u00e0 gouverner malgr\u00e9 un parlement fragment\u00e9.<\/p>\n<\/p>\n<p>Le texte rejet\u00e9 pr\u00e9voyait plusieurs mesures techniques\u00a0: renforcement de la supervision du r\u00e9seau, am\u00e9lioration des capacit\u00e9s de contr\u00f4le de la tension, amortissement des oscillations \u00e9lectriques, incitations au stockage de l\u2019\u00e9lectricit\u00e9 (notamment via des batteries) et assouplissement des d\u00e9lais pour le d\u00e9veloppement de projets <a href=\"https:\/\/www.20minutes.fr\/dossier\/eolienne\" target=\"_blank\" class=\"color-ultramarine c-link\" rel=\"noopener\">\u00e9oliens<\/a> et <a href=\"https:\/\/www.20minutes.fr\/dossier\/panneaux_solaires\" target=\"_blank\" class=\"color-ultramarine c-link\" rel=\"noopener\">photovolta\u00efques<\/a>. \u00ab\u00a0Il s\u2019agissait de rendre notre syst\u00e8me \u00e9lectrique plus robuste et efficace\u00a0\u00bb, avait justifi\u00e9 la ministre de la Transition <a href=\"https:\/\/www.20minutes.fr\/dossier\/ecologie\" target=\"_blank\" class=\"color-ultramarine c-link\" rel=\"noopener\">\u00e9cologique<\/a>, Sara Aagesen.<\/p>\n<p>\u00ab\u00a0Un pansement sur une plaie mal soign\u00e9e\u00a0\u00bb<\/p>\n<p>Mais pour l\u2019opposition de droite, ce plan n\u2019\u00e9tait qu\u2019un pansement sur une plaie mal soign\u00e9e. \u00ab\u00a0Nous n\u2019approuvons pas la politique \u00e9nerg\u00e9tique de ce gouvernement, ni ce soi-disant plan anti-pannes qui vise surtout \u00e0 masquer ses erreurs\u00a0\u00bb, a accus\u00e9 le d\u00e9put\u00e9 du PP Guillermo Mariscal. Malgr\u00e9 des pressions intenses des grandes compagnies d\u2019\u00e9lectricit\u00e9, le PP a refus\u00e9 d\u2019offrir une victoire \u00e0 Pedro S\u00e1nchez, avec qui il entretient des relations particuli\u00e8rement tendues.<\/p>\n<p><a href=\"https:\/\/www.20minutes.fr\/dossier\/espagne\" target=\"_blank\" class=\"c-link c-btn c-btn--primary\" rel=\"noopener\">Notre dossier sur l&rsquo;Espagne<\/a><\/p>\n<p>Le rapport officiel publi\u00e9 le 17\u00a0juin par le gouvernement a confirm\u00e9 que la panne du 28\u00a0avril avait \u00e9t\u00e9 caus\u00e9e par des \u00ab\u00a0surtensions\u00a0\u00bb ayant d\u00e9clench\u00e9 une \u00ab\u00a0r\u00e9action en cha\u00eene\u00a0\u00bb. Il pointait \u00e9galement des erreurs de gestion du gestionnaire du r\u00e9seau \u00e9lectrique ainsi que de certaines entreprises du secteur. Pedro S\u00e1nchez devra d\u00e9sormais revoir sa copie pour convaincre une majorit\u00e9 d\u2019\u00e9lus d\u2019adopter ce texte strat\u00e9gique, qui engage non seulement l\u2019avenir \u00e9nerg\u00e9tique de l\u2019Espagne mais aussi la cr\u00e9dibilit\u00e9 de son gouvernement.<\/p>\n","protected":false},"excerpt":{"rendered":"Coup de tonnerre \u00e0 Madrid\u00a0! Les d\u00e9put\u00e9s espagnols ont rejet\u00e9 mardi le plan d\u2019urgence du gouvernement de Pedro&hellip;\n","protected":false},"author":2,"featured_media":266751,"comment_status":"","ping_status":"","sticky":false,"template":"","format":"standard","meta":{"footnotes":""},"categories":[5],"tags":[47,11,3193,422,579,123,1011,27,14,420,74,12,10899,122,28],"class_list":{"0":"post-266750","1":"post","2":"type-post","3":"status-publish","4":"format-standard","5":"has-post-thumbnail","7":"category-international","8":"tag-actualite","9":"tag-actualites","10":"tag-conseil-des-ministres","11":"tag-depute","12":"tag-electricite","13":"tag-espagne","14":"tag-fr","15":"tag-france","16":"tag-international","17":"tag-loi","18":"tag-monde","19":"tag-news","20":"tag-panne","21":"tag-pedro-sanchez","22":"tag-world"},"share_on_mastodon":{"url":"https:\/\/pubeurope.com\/@fr\/114899528094444818","error":""},"_links":{"self":[{"href":"https:\/\/www.europesays.com\/fr\/wp-json\/wp\/v2\/posts\/266750","targetHints":{"allow":["GET"]}}],"collection":[{"href":"https:\/\/www.europesays.com\/fr\/wp-json\/wp\/v2\/posts"}],"about":[{"href":"https:\/\/www.europesays.com\/fr\/wp-json\/wp\/v2\/types\/post"}],"author":[{"embeddable":true,"href":"https:\/\/www.europesays.com\/fr\/wp-json\/wp\/v2\/users\/2"}],"replies":[{"embeddable":true,"href":"https:\/\/www.europesays.com\/fr\/wp-json\/wp\/v2\/comments?post=266750"}],"version-history":[{"count":0,"href":"https:\/\/www.europesays.com\/fr\/wp-json\/wp\/v2\/posts\/266750\/revisions"}],"wp:featuredmedia":[{"embeddable":true,"href":"https:\/\/www.europesays.com\/fr\/wp-json\/wp\/v2\/media\/266751"}],"wp:attachment":[{"href":"https:\/\/www.europesays.com\/fr\/wp-json\/wp\/v2\/media?parent=266750"}],"wp:term":[{"taxonomy":"category","embeddable":true,"href":"https:\/\/www.europesays.com\/fr\/wp-json\/wp\/v2\/categories?post=266750"},{"taxonomy":"post_tag","embeddable":true,"href":"https:\/\/www.europesays.com\/fr\/wp-json\/wp\/v2\/tags?post=266750"}],"curies":[{"name":"wp","href":"https:\/\/api.w.org\/{rel}","templated":true}]}}