{"id":266753,"date":"2025-07-22T23:41:12","date_gmt":"2025-07-22T23:41:12","guid":{"rendered":"https:\/\/www.europesays.com\/fr\/266753\/"},"modified":"2025-07-22T23:41:12","modified_gmt":"2025-07-22T23:41:12","slug":"ozzy-osbourne-legende-du-heavy-metal-et-chanteur-de-black-sabbath-est-mort","status":"publish","type":"post","link":"https:\/\/www.europesays.com\/fr\/266753\/","title":{"rendered":"Ozzy Osbourne, l\u00e9gende du heavy metal et chanteur de Black Sabbath, est mort"},"content":{"rendered":"<p class=\"article-p mdl\">L\u00e9gende du heavy metal et leader du groupe Black Sabbath, le chanteur britannique <strong>Ozzy Osbourne, qui souffrait de la maladie de Parkinson, est mort<\/strong> \u00e0 l&rsquo;\u00e2ge de 76 ans, a annonc\u00e9 sa famille, ce mardi 22 juillet.\u00a0<\/p>\n<p class=\"article-p mdl\">\u00ab\u00a0C&rsquo;est avec une tristesse que les mots ne peuvent exprimer que nous devons annoncer que notre bien-aim\u00e9 Ozzy Osbourne est mort ce matin. Il \u00e9tait entour\u00e9 de sa famille et d&rsquo;amour\u00a0\u00bb, indique le communiqu\u00e9.\u00a0<\/p>\n<p class=\"article-p mdl\">\u00ab\u00a0Nous demandons \u00e0 tous de respecter la vie priv\u00e9e de notre famille en ce moment\u00a0\u00bb, ajoutent ses proches.\u00a0<\/p>\n<p class=\"article-p mdl\">Le chanteur, surnomm\u00e9 le \u00ab\u00a0Prince des t\u00e9n\u00e8bres\u00a0\u00bb, <strong>souffrait depuis plusieurs ann\u00e9es de la maladie de Parkinson<\/strong>. Il avait\u00a0<a class=\"link\" href=\"https:\/\/www.rtl.fr\/culture\/musique\/le-groupe-black-sabbath-pionnier-du-heavy-metal-fait-ses-adieux-a-ses-fans-a-birmingham-7900521663\" title=\"Le groupe Black Sabbath, pionnier du heavy metal, fait ses adieux \u00e0 ses fans \u00e0 Birmingham\" target=\"_blank\" rel=\"noopener\">le 5 juillet<\/a>\u00a0donn\u00e9 un concert d&rsquo;adieu avec Black Sabbath \u00e0 Birmingham en Angleterre, ville d&rsquo;origine du groupe, devant des dizaines de milliers de fans de metal venus du monde entier.\u00a0<\/p>\n<p class=\"article-p mdl\"><strong>\u00ab\u00a0Je vous aime !\u00a0\u00bb<\/strong>, avait lanc\u00e9 de sa voix toujours grin\u00e7ante le charismatique chanteur \u00e0 la foule, qui l&rsquo;a soutenu \u00e0 chaque seconde de ce \u00ab\u00a0last show\u00a0\u00bb, entour\u00e9 des plus grandes stars du metal, de Metallica \u00e0 Anthrax. Il avait alors chant\u00e9 assis, prisonnier de ses tremblements, les yeux rougis cercl\u00e9s de noir.\u00a0<\/p>\n<p>            Les hommages du monde de la musique<\/p>\n<p class=\"article-p mdl\">\u00ab\u00a0Il \u00e9tait un ami tr\u00e8s cher et un grand pionnier qui s&rsquo;est assur\u00e9 <strong>une place au panth\u00e9on des dieux du rock,<\/strong>\u00a0une v\u00e9ritable l\u00e9gende\u00a0\u00bb, a \u00e9crit Elton John, qui a particip\u00e9 \u00e0 la chanson-titre de \u00ab\u00a0Ordinary Man\u00a0\u00bb d&rsquo;Osbourne.\u00a0\u00ab\u00a0Il \u00e9tait aussi <strong>l&rsquo;une des personnes les plus dr\u00f4les<\/strong> que j&rsquo;aie jamais rencontr\u00e9es. Il me manquera \u00e9norm\u00e9ment\u00a0\u00bb, a-t-il ajout\u00e9 sur Instagram.<\/p>\n<p class=\"article-p mdl\">\u00ab\u00a0C&rsquo;est <strong>la voix d&rsquo;Ozzy qui m&rsquo;a emport\u00e9 dans un univers sombre<\/strong>. Une grande \u00e9vasion\u00a0\u00bb, a salu\u00e9 sur X Mike McCready, du groupe Pearl Jam, tandis que Black Sabbath a juste post\u00e9 deux mots sur Instagram: \u00ab\u00a0Ozzy Forever\u00a0\u00bb.\u00a0<\/p>\n<p>            Une \u00e9mission de t\u00e9l\u00e9r\u00e9alit\u00e9 familiale<\/p>\n<p class=\"article-p mdl\">Les trois autres membres de Black Sabbath l&rsquo;avaient ensuite rejoint sur sc\u00e8ne pour les titres les plus c\u00e9l\u00e8bres du groupe.\u00a0<strong>Visiblement tr\u00e8s affaibli, agripp\u00e9 \u00e0 son micro<\/strong>, il avait sembl\u00e9 \u00e0 plusieurs reprises vouloir se lever de son fauteuil, sans succ\u00e8s.<\/p>\n<p>Black Sabbath, pionnier du heavy metal,\u00a0ne <strong>s&rsquo;\u00e9tait plus r\u00e9uni dans sa formation originelle<\/strong> de 1968 (Ozzy Osbourne au chant, Tony lommi \u00e0 la guitare, Geezer Butler \u00e0 la basse et Bill Ward \u00e0 la batterie) <strong>depuis 20 ans<\/strong>.\u00a0Le groupe a vendu plus de 75 millions d&rsquo;albums dans le monde, avec des tubes comme \u00ab\u00a0Paranoid\u00a0\u00bb, \u00ab\u00a0War Pigs\u00a0\u00bb ou \u00ab\u00a0Iron Man\u00a0\u00bb.<\/p>\n<p>Parrain du metal et ic\u00f4ne d\u00e9jant\u00e9e, Ozzy Osbourne a\u00a0eu une vie marqu\u00e9e par les exc\u00e8s d&rsquo;alcool et de drogues. Il\u00a0\u00e9tait notamment <strong>connu pour avoir croqu\u00e9 la t\u00eate d&rsquo;une chauve-souris vivante en plein concert<\/strong>. Mais aussi pour son \u00e9mission de t\u00e9l\u00e9r\u00e9alit\u00e9 familiale dans les ann\u00e9es 2000, \u00ab\u00a0The Osbournes\u00a0\u00bb, un des plus grands succ\u00e8s de MTV, qui lui avait permis de toucher un tout autre public.\u00a0<\/p>\n<p>Il est <strong>consid\u00e9r\u00e9 comme le cr\u00e9ateur du heavy metal<\/strong>, m\u00e9lange de rock et de blues aux sonorit\u00e9s lourdes et aux paroles sombres. Un genre longtemps honni mais immens\u00e9ment populaire aujourd\u2019hui.<\/p>\n<p>    La r\u00e9daction vous recommande<\/p>\n<p class=\"s-newsletter__title\">\n                L\u2019actualit\u00e9 par la r\u00e9daction de RTL dans votre bo\u00eete mail.\n            <\/p>\n<p class=\"s-newsletter__subtitle\">\n                Gr\u00e2ce \u00e0 votre compte RTL abonnez-vous \u00e0 la newsletter RTL info pour suivre toute l&rsquo;actualit\u00e9 au quotidien\n            <\/p>\n<p>\n                                    Lire la suite\n                                <\/p>\n","protected":false},"excerpt":{"rendered":"L\u00e9gende du heavy metal et leader du groupe Black Sabbath, le chanteur britannique Ozzy Osbourne, qui souffrait de&hellip;\n","protected":false},"author":2,"featured_media":229169,"comment_status":"","ping_status":"","sticky":false,"template":"","format":"standard","meta":{"footnotes":""},"categories":[2],"tags":[11,3983,107,1011,27,28629,873,12],"class_list":{"0":"post-266753","1":"post","2":"type-post","3":"status-publish","4":"format-standard","5":"has-post-thumbnail","7":"category-actualites","8":"tag-actualites","9":"tag-deces","10":"tag-fil-info","11":"tag-fr","12":"tag-france","13":"tag-metal","14":"tag-musique","15":"tag-news"},"share_on_mastodon":{"url":"https:\/\/pubeurope.com\/@fr\/114899535894309055","error":""},"_links":{"self":[{"href":"https:\/\/www.europesays.com\/fr\/wp-json\/wp\/v2\/posts\/266753","targetHints":{"allow":["GET"]}}],"collection":[{"href":"https:\/\/www.europesays.com\/fr\/wp-json\/wp\/v2\/posts"}],"about":[{"href":"https:\/\/www.europesays.com\/fr\/wp-json\/wp\/v2\/types\/post"}],"author":[{"embeddable":true,"href":"https:\/\/www.europesays.com\/fr\/wp-json\/wp\/v2\/users\/2"}],"replies":[{"embeddable":true,"href":"https:\/\/www.europesays.com\/fr\/wp-json\/wp\/v2\/comments?post=266753"}],"version-history":[{"count":0,"href":"https:\/\/www.europesays.com\/fr\/wp-json\/wp\/v2\/posts\/266753\/revisions"}],"wp:featuredmedia":[{"embeddable":true,"href":"https:\/\/www.europesays.com\/fr\/wp-json\/wp\/v2\/media\/229169"}],"wp:attachment":[{"href":"https:\/\/www.europesays.com\/fr\/wp-json\/wp\/v2\/media?parent=266753"}],"wp:term":[{"taxonomy":"category","embeddable":true,"href":"https:\/\/www.europesays.com\/fr\/wp-json\/wp\/v2\/categories?post=266753"},{"taxonomy":"post_tag","embeddable":true,"href":"https:\/\/www.europesays.com\/fr\/wp-json\/wp\/v2\/tags?post=266753"}],"curies":[{"name":"wp","href":"https:\/\/api.w.org\/{rel}","templated":true}]}}