{"id":266758,"date":"2025-07-22T23:45:12","date_gmt":"2025-07-22T23:45:12","guid":{"rendered":"https:\/\/www.europesays.com\/fr\/266758\/"},"modified":"2025-07-22T23:45:12","modified_gmt":"2025-07-22T23:45:12","slug":"absent-contre-nancy-valentin-barco-devrait-revenir-pour-galatasaray-alsasports","status":"publish","type":"post","link":"https:\/\/www.europesays.com\/fr\/266758\/","title":{"rendered":"Absent contre Nancy, Valentin Barco devrait revenir pour Galatasaray \u2014 Alsa&rsquo;Sports"},"content":{"rendered":"<p><strong>Absent du groupe pour le premier amical de la saison \u00e0 Colmar hier soir (victoire 2-1 face \u00e0 Nancy), le polyvalent Valentin Barco devrait \u00eatre disponible pour le prochain match samedi contre Galatasaray, d\u2019apr\u00e8s son entra\u00eeneur Liam Rosenior. <\/strong><\/p>\n<p>L\u2019un des absents du premier succ\u00e8s de la saison \u00e0 Colmar mardi soir devrait \u00eatre de retour sur pieds pour le prochain match. Le polyvalent lat\u00e9ral gauche Valentin Barco a \u00e9t\u00e9 touch\u00e9 lors de l\u2019entra\u00eenement de lundi et a d\u00fb d\u00e9clarer forfait pour la rencontre du lendemain. Mais son entra\u00eeneur a confirm\u00e9 que ce n\u2019\u00e9tait qu\u2019un coup et que l\u2019Argentin serait de retour samedi en Turquie : \u00ab\u00a0Valentin Barco a un petit coup au genou mais ce n\u2019est rien de tr\u00e8s m\u00e9chant. Il devrait jouer samedi contre Galatasaray\u00a0\u00bb. <\/p>\n","protected":false},"excerpt":{"rendered":"Absent du groupe pour le premier amical de la saison \u00e0 Colmar hier soir (victoire 2-1 face \u00e0&hellip;\n","protected":false},"author":2,"featured_media":266759,"comment_status":"","ping_status":"","sticky":false,"template":"","format":"standard","meta":{"footnotes":""},"categories":[9635],"tags":[1111,11,1777,674,63,1011,27,775,1702,12,4448,25,40628],"class_list":{"0":"post-266758","1":"post","2":"type-post","3":"status-publish","4":"format-standard","5":"has-post-thumbnail","7":"category-nancy","8":"tag-actu","9":"tag-actualites","10":"tag-eu","11":"tag-europe","12":"tag-football","13":"tag-fr","14":"tag-france","15":"tag-grand-est","16":"tag-nancy","17":"tag-news","18":"tag-rc-strasbourg","19":"tag-republique-francaise","20":"tag-valentin-barco"},"share_on_mastodon":{"url":"https:\/\/pubeurope.com\/@fr\/114899551814836174","error":""},"_links":{"self":[{"href":"https:\/\/www.europesays.com\/fr\/wp-json\/wp\/v2\/posts\/266758","targetHints":{"allow":["GET"]}}],"collection":[{"href":"https:\/\/www.europesays.com\/fr\/wp-json\/wp\/v2\/posts"}],"about":[{"href":"https:\/\/www.europesays.com\/fr\/wp-json\/wp\/v2\/types\/post"}],"author":[{"embeddable":true,"href":"https:\/\/www.europesays.com\/fr\/wp-json\/wp\/v2\/users\/2"}],"replies":[{"embeddable":true,"href":"https:\/\/www.europesays.com\/fr\/wp-json\/wp\/v2\/comments?post=266758"}],"version-history":[{"count":0,"href":"https:\/\/www.europesays.com\/fr\/wp-json\/wp\/v2\/posts\/266758\/revisions"}],"wp:featuredmedia":[{"embeddable":true,"href":"https:\/\/www.europesays.com\/fr\/wp-json\/wp\/v2\/media\/266759"}],"wp:attachment":[{"href":"https:\/\/www.europesays.com\/fr\/wp-json\/wp\/v2\/media?parent=266758"}],"wp:term":[{"taxonomy":"category","embeddable":true,"href":"https:\/\/www.europesays.com\/fr\/wp-json\/wp\/v2\/categories?post=266758"},{"taxonomy":"post_tag","embeddable":true,"href":"https:\/\/www.europesays.com\/fr\/wp-json\/wp\/v2\/tags?post=266758"}],"curies":[{"name":"wp","href":"https:\/\/api.w.org\/{rel}","templated":true}]}}