{"id":266763,"date":"2025-07-22T23:48:11","date_gmt":"2025-07-22T23:48:11","guid":{"rendered":"https:\/\/www.europesays.com\/fr\/266763\/"},"modified":"2025-07-22T23:48:11","modified_gmt":"2025-07-22T23:48:11","slug":"previsions-du-mercredi-23-juillet-2025-2","status":"publish","type":"post","link":"https:\/\/www.europesays.com\/fr\/266763\/","title":{"rendered":"pr\u00e9visions du mercredi 23 juillet 2025"},"content":{"rendered":"<p>\u00c0 Montpellier, le ciel va progressivement se voiler au cours de la journ\u00e9e avec l&rsquo;apparition de nuages. L&rsquo;\u00e9t\u00e9 s&rsquo;est d\u00e9finitivement install\u00e9 puisque les valeurs iront de 21 \u00e0 28\u00b0C. D&rsquo;un autre c\u00f4t\u00e9, la matin\u00e9e qui s&rsquo;annonce, promet d&rsquo;\u00eatre belle et ensoleill\u00e9e ! Un vent de sud-ouest rafra\u00eechira l\u00e9g\u00e8rement l&rsquo;atmosph\u00e8re. Les nuages seront peu \u00e0 peu visibles au fil de l&rsquo;apr\u00e8s-midi. La m\u00e9t\u00e9o sera ponctu\u00e9e par des pluies \u00e9parses. La chaleur estivale sera bien l\u00e0 puisque les temp\u00e9ratures seront quand m\u00eame de 26\u00b0C au plus bas et de 28\u00b0C au plus haut. La soir\u00e9e sera marqu\u00e9e par des pluies \u00e9parses. On pr\u00e9voit des valeurs avoisinant 24\u00b0C. Le passage de mercredi \u00e0 jeudi se fera sous un ciel clair.<\/p>\n<p>C&rsquo;est un soleil magnifique qui va briller demain sur Montpellier. Une baisse du mercure est \u00e0 pr\u00e9voir. Les temp\u00e9ratures afficheront entre 19 et 28\u00b0C, un temps bel et bien de saison. La ville sera touch\u00e9e par un vent de nord-ouest de 24 km\/h. Les temp\u00e9ratures vont conna\u00eetre une augmentation de plusieurs degr\u00e9s dans l&rsquo;apr\u00e8s-midi. Les vacanciers comme les locaux pourront enfiler sandales et chapeau. Il va faire chaud avec des valeurs qui s&rsquo;\u00e9chelonneront entre 27 et 28\u00b0C. Les temp\u00e9ratures seront de 25\u00b0C dans la soir\u00e9e.<\/p>\n<p>Les jours passent et se ressemblent. Il va faire un temps assez ensoleill\u00e9 avec des temp\u00e9ratures autour de 30\u00b0C.<\/p>\n<p><\/p>\n","protected":false},"excerpt":{"rendered":"\u00c0 Montpellier, le ciel va progressivement se voiler au cours de la journ\u00e9e avec l&rsquo;apparition de nuages. L&rsquo;\u00e9t\u00e9&hellip;\n","protected":false},"author":2,"featured_media":266764,"comment_status":"","ping_status":"","sticky":false,"template":"","format":"standard","meta":{"footnotes":""},"categories":[9599],"tags":[1111,11,1777,674,1011,27,7089,2681,2208,12,2680,2119,25],"class_list":{"0":"post-266763","1":"post","2":"type-post","3":"status-publish","4":"format-standard","5":"has-post-thumbnail","7":"category-montpellier","8":"tag-actu","9":"tag-actualites","10":"tag-eu","11":"tag-europe","12":"tag-fr","13":"tag-france","14":"tag-herault","15":"tag-languedoc-roussillon","16":"tag-montpellier","17":"tag-news","18":"tag-occitanie","19":"tag-previsions-meteo","20":"tag-republique-francaise"},"share_on_mastodon":{"url":"https:\/\/pubeurope.com\/@fr\/114899563744499252","error":""},"_links":{"self":[{"href":"https:\/\/www.europesays.com\/fr\/wp-json\/wp\/v2\/posts\/266763","targetHints":{"allow":["GET"]}}],"collection":[{"href":"https:\/\/www.europesays.com\/fr\/wp-json\/wp\/v2\/posts"}],"about":[{"href":"https:\/\/www.europesays.com\/fr\/wp-json\/wp\/v2\/types\/post"}],"author":[{"embeddable":true,"href":"https:\/\/www.europesays.com\/fr\/wp-json\/wp\/v2\/users\/2"}],"replies":[{"embeddable":true,"href":"https:\/\/www.europesays.com\/fr\/wp-json\/wp\/v2\/comments?post=266763"}],"version-history":[{"count":0,"href":"https:\/\/www.europesays.com\/fr\/wp-json\/wp\/v2\/posts\/266763\/revisions"}],"wp:featuredmedia":[{"embeddable":true,"href":"https:\/\/www.europesays.com\/fr\/wp-json\/wp\/v2\/media\/266764"}],"wp:attachment":[{"href":"https:\/\/www.europesays.com\/fr\/wp-json\/wp\/v2\/media?parent=266763"}],"wp:term":[{"taxonomy":"category","embeddable":true,"href":"https:\/\/www.europesays.com\/fr\/wp-json\/wp\/v2\/categories?post=266763"},{"taxonomy":"post_tag","embeddable":true,"href":"https:\/\/www.europesays.com\/fr\/wp-json\/wp\/v2\/tags?post=266763"}],"curies":[{"name":"wp","href":"https:\/\/api.w.org\/{rel}","templated":true}]}}