{"id":266770,"date":"2025-07-22T23:53:55","date_gmt":"2025-07-22T23:53:55","guid":{"rendered":"https:\/\/www.europesays.com\/fr\/266770\/"},"modified":"2025-07-22T23:53:55","modified_gmt":"2025-07-22T23:53:55","slug":"lhomme-blesse-par-balle-au-village-olympique-place-en-detention-provisoire-en-attendant-son-proces","status":"publish","type":"post","link":"https:\/\/www.europesays.com\/fr\/266770\/","title":{"rendered":"l\u2019homme bless\u00e9 par balle au Village Olympique plac\u00e9 en d\u00e9tention provisoire en attendant son proc\u00e8s"},"content":{"rendered":"<p itemprop=\"description\"><strong>En attendant sa computation imm\u00e9diate ce mercredi 23 juillet, l\u2019homme bless\u00e9 par balle au Village Olympique \u00e0 Grenoble a \u00e9t\u00e9 plac\u00e9 en d\u00e9tention provisoire.<\/strong><\/p>\n<p>L&rsquo;individu a \u00e9t\u00e9 d\u00e9f\u00e9r\u00e9 au parquet ce lundi 21 juillet et plac\u00e9 sous mandat de d\u00e9p\u00f4t par un juge d\u00e9l\u00e9gu\u00e9 en attendant sa comparution devant le tribunal correctionnel ce mercredi, selon les informations du Dauphin\u00e9 Lib\u00e9r\u00e9.<\/p>\n<p>Les faits remontent au samedi 19 juillet au Village Olympique \u00e0 Grenoble. Un homme de 20 ans a \u00e9t\u00e9 bless\u00e9 par balle dans des circonstances peu claires et avait \u00e9t\u00e9 transport\u00e9 au service d\u00e9chocage du CHU Grenoble Alpes. Mais son statut de victime a vite chang\u00e9.<\/p>\n<p>Comme de nombreuses affaires de violences par arme \u00e0 feu, une perquisition a \u00e9t\u00e9 men\u00e9e \u00e0 son domicile par les enqu\u00eateurs. C\u2019est \u00e0 ce moment que des munitions et un gilet pare-balles ont \u00e9t\u00e9 retrouv\u00e9s. Le jeune homme, d\u00e9j\u00e0 connu de la justice, a \u00e9t\u00e9 plac\u00e9 en garde \u00e0 vue d\u00e8s sa sortie du CHU.<\/p>\n<p>Il devrait alors \u00eatre jug\u00e9 ce mercredi dans le cadre d\u2019une proc\u00e9dure de comparution imm\u00e9diate. Mais la justice a d\u00e9cid\u00e9 de le placer en d\u00e9tention provisoire en attendant.<\/p>\n","protected":false},"excerpt":{"rendered":"En attendant sa computation imm\u00e9diate ce mercredi 23 juillet, l\u2019homme bless\u00e9 par balle au Village Olympique \u00e0 Grenoble&hellip;\n","protected":false},"author":2,"featured_media":266771,"comment_status":"","ping_status":"","sticky":false,"template":"","format":"standard","meta":{"footnotes":""},"categories":[9566],"tags":[1111,11,7733,8279,2430,7736,650,7734,2889,2263,1777,674,1011,27,2731,8280,6417,1114,108,4662,12,3725,1825,25,7737],"class_list":{"0":"post-266770","1":"post","2":"type-post","3":"status-publish","4":"format-standard","5":"has-post-thumbnail","7":"category-grenoble","8":"tag-actu","9":"tag-actualites","10":"tag-alpes","11":"tag-alpes1","12":"tag-auvergne-rhone-alpes","13":"tag-cds","14":"tag-cinema","15":"tag-ecoute","16":"tag-emission","17":"tag-equipe","18":"tag-eu","19":"tag-europe","20":"tag-fr","21":"tag-france","22":"tag-grenoble","23":"tag-haute","24":"tag-information","25":"tag-infos","26":"tag-isere","27":"tag-journal","28":"tag-news","29":"tag-podcast","30":"tag-radio","31":"tag-republique-francaise","32":"tag-winamp"},"share_on_mastodon":{"url":"https:\/\/pubeurope.com\/@fr\/114899587105828543","error":""},"_links":{"self":[{"href":"https:\/\/www.europesays.com\/fr\/wp-json\/wp\/v2\/posts\/266770","targetHints":{"allow":["GET"]}}],"collection":[{"href":"https:\/\/www.europesays.com\/fr\/wp-json\/wp\/v2\/posts"}],"about":[{"href":"https:\/\/www.europesays.com\/fr\/wp-json\/wp\/v2\/types\/post"}],"author":[{"embeddable":true,"href":"https:\/\/www.europesays.com\/fr\/wp-json\/wp\/v2\/users\/2"}],"replies":[{"embeddable":true,"href":"https:\/\/www.europesays.com\/fr\/wp-json\/wp\/v2\/comments?post=266770"}],"version-history":[{"count":0,"href":"https:\/\/www.europesays.com\/fr\/wp-json\/wp\/v2\/posts\/266770\/revisions"}],"wp:featuredmedia":[{"embeddable":true,"href":"https:\/\/www.europesays.com\/fr\/wp-json\/wp\/v2\/media\/266771"}],"wp:attachment":[{"href":"https:\/\/www.europesays.com\/fr\/wp-json\/wp\/v2\/media?parent=266770"}],"wp:term":[{"taxonomy":"category","embeddable":true,"href":"https:\/\/www.europesays.com\/fr\/wp-json\/wp\/v2\/categories?post=266770"},{"taxonomy":"post_tag","embeddable":true,"href":"https:\/\/www.europesays.com\/fr\/wp-json\/wp\/v2\/tags?post=266770"}],"curies":[{"name":"wp","href":"https:\/\/api.w.org\/{rel}","templated":true}]}}