{"id":266772,"date":"2025-07-22T23:55:10","date_gmt":"2025-07-22T23:55:10","guid":{"rendered":"https:\/\/www.europesays.com\/fr\/266772\/"},"modified":"2025-07-22T23:55:10","modified_gmt":"2025-07-22T23:55:10","slug":"previsions-du-mercredi-23-juillet-2025-3","status":"publish","type":"post","link":"https:\/\/www.europesays.com\/fr\/266772\/","title":{"rendered":"pr\u00e9visions du mercredi 23 juillet 2025"},"content":{"rendered":"<p>\u00c0 Rennes les temp\u00e9ratures afficheront entre 13 et 22\u00b0C aujourd&rsquo;hui. Une l\u00e9g\u00e8re brise de nord-ouest soufflera. De l\u00e9g\u00e8res averses auront lieu au cours de la matin\u00e9e. Il faudra pr\u00e9voir son parapluie l&rsquo;apr\u00e8s-midi pour se prot\u00e9ger des pluies \u00e9parses. D&rsquo;un autre c\u00f4t\u00e9, les temp\u00e9ratures vont enregistrer une hausse de plusieurs degr\u00e9s. Les valeurs s&rsquo;\u00e9chelonneront de 21 \u00e0 22\u00b0C. Les temp\u00e9ratures seront de 18\u00b0C dans la soir\u00e9e. Le ciel sera d\u00e9pourvu de nuages dans la nuit de mercredi \u00e0 jeudi.<\/p>\n<p>Le soleil appara\u00eet l\u00e9g\u00e8rement demain. Ces \u00e9claircies devraient faire plaisir aux habitants de Rennes. C&rsquo;est une hausse de quelques degr\u00e9s que vont conna\u00eetre les temp\u00e9ratures. Les valeurs seront comprises entre 13 et 24\u00b0C. Un modeste vent de nord-ouest sera ressenti par les habitants. Le matin, le mercure affichera 20\u00b0C en moyenne. Les temp\u00e9ratures s&rsquo;\u00e9chelonneront entre 22\u00b0C et 24\u00b0C dans l&rsquo;apr\u00e8s-midi. Il fera 18\u00b0C en moyenne demain soir.<\/p>\n<p>La m\u00e9t\u00e9o restera inchang\u00e9e les prochains jours. Le temps sera ensoleill\u00e9 avec des temp\u00e9ratures d&rsquo;environ 27\u00b0C.<\/p>\n<p><\/p>\n","protected":false},"excerpt":{"rendered":"\u00c0 Rennes les temp\u00e9ratures afficheront entre 13 et 22\u00b0C aujourd&rsquo;hui. Une l\u00e9g\u00e8re brise de nord-ouest soufflera. De l\u00e9g\u00e8res&hellip;\n","protected":false},"author":2,"featured_media":266773,"comment_status":"","ping_status":"","sticky":false,"template":"","format":"standard","meta":{"footnotes":""},"categories":[2821],"tags":[1111,11,829,1777,674,1011,27,848,12,2119,584,25],"class_list":{"0":"post-266772","1":"post","2":"type-post","3":"status-publish","4":"format-standard","5":"has-post-thumbnail","7":"category-rennes","8":"tag-actu","9":"tag-actualites","10":"tag-bretagne","11":"tag-eu","12":"tag-europe","13":"tag-fr","14":"tag-france","15":"tag-ille-et-vilaine","16":"tag-news","17":"tag-previsions-meteo","18":"tag-rennes","19":"tag-republique-francaise"},"share_on_mastodon":{"url":"https:\/\/pubeurope.com\/@fr\/114899591122954692","error":""},"_links":{"self":[{"href":"https:\/\/www.europesays.com\/fr\/wp-json\/wp\/v2\/posts\/266772","targetHints":{"allow":["GET"]}}],"collection":[{"href":"https:\/\/www.europesays.com\/fr\/wp-json\/wp\/v2\/posts"}],"about":[{"href":"https:\/\/www.europesays.com\/fr\/wp-json\/wp\/v2\/types\/post"}],"author":[{"embeddable":true,"href":"https:\/\/www.europesays.com\/fr\/wp-json\/wp\/v2\/users\/2"}],"replies":[{"embeddable":true,"href":"https:\/\/www.europesays.com\/fr\/wp-json\/wp\/v2\/comments?post=266772"}],"version-history":[{"count":0,"href":"https:\/\/www.europesays.com\/fr\/wp-json\/wp\/v2\/posts\/266772\/revisions"}],"wp:featuredmedia":[{"embeddable":true,"href":"https:\/\/www.europesays.com\/fr\/wp-json\/wp\/v2\/media\/266773"}],"wp:attachment":[{"href":"https:\/\/www.europesays.com\/fr\/wp-json\/wp\/v2\/media?parent=266772"}],"wp:term":[{"taxonomy":"category","embeddable":true,"href":"https:\/\/www.europesays.com\/fr\/wp-json\/wp\/v2\/categories?post=266772"},{"taxonomy":"post_tag","embeddable":true,"href":"https:\/\/www.europesays.com\/fr\/wp-json\/wp\/v2\/tags?post=266772"}],"curies":[{"name":"wp","href":"https:\/\/api.w.org\/{rel}","templated":true}]}}