{"id":266774,"date":"2025-07-22T23:56:24","date_gmt":"2025-07-22T23:56:24","guid":{"rendered":"https:\/\/www.europesays.com\/fr\/266774\/"},"modified":"2025-07-22T23:56:24","modified_gmt":"2025-07-22T23:56:24","slug":"quentin-merlin-valide-aussi-son-transfert-a-rennes-france-stade-rennais","status":"publish","type":"post","link":"https:\/\/www.europesays.com\/fr\/266774\/","title":{"rendered":"Quentin Merlin valide aussi son transfert \u00e0 Rennes &#8211; France &#8211; Stade rennais"},"content":{"rendered":"<p>Un autre Canari dans la galette.<\/p>\n<p><a target=\"_blank\" href=\"https:\/\/www.sofoot.com\/breves\/mercato-valentin-rongier-est-un-joueur-du-stade-rennais#:~:text=L%E2%80%99officialisation%20du%20transfert%20est,au%20moins%20jusqu%E2%80%99en%202028.\" rel=\"nofollow noopener\">Comme son petit copain Valentin Rongier<\/a>, <strong>Quentin Merlin va rejoindre la Bretagne apr\u00e8s \u00eatre pass\u00e9 par Nantes et Marseille<\/strong>. Le lat\u00e9ral gauche devrait co\u00fbter dans les 13 millions aux Bretons. Ils auront au total d\u00e9bours\u00e9 un joli ch\u00e8que de 22 millions pour les deux Fran\u00e7ais, chose bien rare dans le championnat de France actuellement.<\/p>\n<blockquote class=\"twitter-tweet\" data-media-max-width=\"560\">\n<p lang=\"fr\" dir=\"ltr\">\ud835\udc34\u0300 \ud835\udc59\ud835\udc4e \ud835\udc51\ud835\udc52\u0301\ud835\udc50\ud835\udc5c\ud835\udc62\ud835\udc63\ud835\udc52\ud835\udc5f\ud835\udc61\ud835\udc52 \ud835\udc51&rsquo;\ud835\udc62\ud835\udc5b \ud835\udc5b\ud835\udc5c\ud835\udc62\ud835\udc63\ud835\udc52\ud835\udc59 \ud835\udc62\ud835\udc5b\ud835\udc56\ud835\udc63\ud835\udc52\ud835\udc5f\ud835\udc60 \ud83d\udcd6<br \/>\nChapitre 2 : Le mus\u00e9e enchant\u00e9.<a target=\"_blank\" href=\"https:\/\/twitter.com\/hashtag\/Merlin2029?src=hash&amp;ref_src=twsrc%5Etfw\" rel=\"nofollow noopener\">#Merlin2029<\/a> <a target=\"_blank\" href=\"https:\/\/t.co\/k3NASUzytG\" rel=\"nofollow\">pic.twitter.com\/k3NASUzytG<\/a><\/p>\n<p>\u2014 Stade Rennais F.C. (@staderennais) <a target=\"_blank\" href=\"https:\/\/twitter.com\/staderennais\/status\/1947673244791644553?ref_src=twsrc%5Etfw\" rel=\"nofollow noopener\">July 22, 2025<\/a><\/p><\/blockquote>\n<p>Capable de d\u00e9livrer des galettes comme des saucisses,<strong> Quentin Merlin ne s\u2019est pas forc\u00e9ment montr\u00e9 \u00e0 son avantage sur le plan d\u00e9fensif<\/strong> aussi bien chez les Bleuets qu\u2019au V\u00e9lodrome. Parti pour remplacer Adrien Truffert, en fin de course et <a target=\"_blank\" href=\"https:\/\/www.sofoot.com\/breves\/adrien-truffert-quitte-rennes-pour-bournemouth\" rel=\"nofollow noopener\">parti \u00e0 Bournemouth<\/a>, l\u2019international espoir fran\u00e7ais va devoir se montrer tr\u00e8s convaincant pour se faire adopter <a target=\"_blank\" href=\"https:\/\/www.sofoot.com\/articles\/ce-que-le-transfert-de-valentin-rongier-raconte-de-la-rivalite-nantes-rennes\" rel=\"nofollow noopener\">par un public fort m\u00e9content de l\u2019arriv\u00e9e de Rongier<\/a>.<\/p>\n<p>Enchante-les, Merlin !<\/p>\n<p>\t\t\t\t\t\t\t\t\t\t<a class=\"lien-connexe\" href=\"https:\/\/www.sofoot.com\/breves\/un-dispositif-de-securite-prevu-pour-le-match-amical-entre-nantes-et-rennes\" rel=\"nofollow noopener\" target=\"_blank\">Un dispositif de s\u00e9curit\u00e9 pr\u00e9vu pour le match amical entre Nantes et Rennes<\/a>\t\t\t\t\t<script async src=\"https:\/\/platform.twitter.com\/widgets.js\" charset=\"utf-8\"><\/script><\/p>\n","protected":false},"excerpt":{"rendered":"Un autre Canari dans la galette. Comme son petit copain Valentin Rongier, Quentin Merlin va rejoindre la Bretagne&hellip;\n","protected":false},"author":2,"featured_media":266775,"comment_status":"","ping_status":"","sticky":false,"template":"","format":"standard","meta":{"footnotes":""},"categories":[2821],"tags":[1111,47,11,61,829,69,65,64,1777,674,63,1011,27,68,66,12,62,70,584,25,67],"class_list":{"0":"post-266774","1":"post","2":"type-post","3":"status-publish","4":"format-standard","5":"has-post-thumbnail","7":"category-rennes","8":"tag-actu","9":"tag-actualite","10":"tag-actualites","11":"tag-actus-football","12":"tag-bretagne","13":"tag-bundesliga","14":"tag-championnats-europeens","15":"tag-equipe-de-france","16":"tag-eu","17":"tag-europe","18":"tag-football","19":"tag-fr","20":"tag-france","21":"tag-ligua","22":"tag-ligue-1","23":"tag-news","24":"tag-news-foot","25":"tag-premier-league","26":"tag-rennes","27":"tag-republique-francaise","28":"tag-serie-a"},"share_on_mastodon":{"url":"https:\/\/pubeurope.com\/@fr\/114899594966592673","error":""},"_links":{"self":[{"href":"https:\/\/www.europesays.com\/fr\/wp-json\/wp\/v2\/posts\/266774","targetHints":{"allow":["GET"]}}],"collection":[{"href":"https:\/\/www.europesays.com\/fr\/wp-json\/wp\/v2\/posts"}],"about":[{"href":"https:\/\/www.europesays.com\/fr\/wp-json\/wp\/v2\/types\/post"}],"author":[{"embeddable":true,"href":"https:\/\/www.europesays.com\/fr\/wp-json\/wp\/v2\/users\/2"}],"replies":[{"embeddable":true,"href":"https:\/\/www.europesays.com\/fr\/wp-json\/wp\/v2\/comments?post=266774"}],"version-history":[{"count":0,"href":"https:\/\/www.europesays.com\/fr\/wp-json\/wp\/v2\/posts\/266774\/revisions"}],"wp:featuredmedia":[{"embeddable":true,"href":"https:\/\/www.europesays.com\/fr\/wp-json\/wp\/v2\/media\/266775"}],"wp:attachment":[{"href":"https:\/\/www.europesays.com\/fr\/wp-json\/wp\/v2\/media?parent=266774"}],"wp:term":[{"taxonomy":"category","embeddable":true,"href":"https:\/\/www.europesays.com\/fr\/wp-json\/wp\/v2\/categories?post=266774"},{"taxonomy":"post_tag","embeddable":true,"href":"https:\/\/www.europesays.com\/fr\/wp-json\/wp\/v2\/tags?post=266774"}],"curies":[{"name":"wp","href":"https:\/\/api.w.org\/{rel}","templated":true}]}}