{"id":266776,"date":"2025-07-22T23:57:09","date_gmt":"2025-07-22T23:57:09","guid":{"rendered":"https:\/\/www.europesays.com\/fr\/266776\/"},"modified":"2025-07-22T23:57:09","modified_gmt":"2025-07-22T23:57:09","slug":"previsions-du-mercredi-23-juillet-2025-4","status":"publish","type":"post","link":"https:\/\/www.europesays.com\/fr\/266776\/","title":{"rendered":"pr\u00e9visions du mercredi 23 juillet 2025"},"content":{"rendered":"<p>\u00c0 Strasbourg, les valeurs seront de 20\u00b0C au cours de la journ\u00e9e. Un beau soleil est attendu le matin. On anticipe des temp\u00e9ratures avoisinant 23\u00b0C. Un vent de sud-ouest rafra\u00eechira l\u00e9g\u00e8rement l&rsquo;atmosph\u00e8re. Le ciel sera relativement lumineux, avec quelques \u00e9claircies l&rsquo;apr\u00e8s-midi. Les maximales pourront atteindre 27\u00b0C et les minimales seront de 25\u00b0C. Il faudra emporter son parapluie le soir pour \u00e9viter les pluies \u00e9parses. Une nuit claire vous attendra entre mercredi et jeudi.<\/p>\n<p>Il se peut qu&rsquo;il y ait de petites averses demain sur Strasbourg. Il va faire environ 20\u00b0C. Un modeste vent de sud-ouest sera ressenti par les habitants. Les valeurs afficheront entre 22\u00b0C et 24\u00b0C dans l&rsquo;apr\u00e8s-midi. Demain soir, encore des nuages dans le ciel qui emp\u00eachent le soleil d&rsquo;appara\u00eetre. Des pluies \u00e9parses sont pr\u00e9vues.<\/p>\n<p>Pour les jours qui suivent, la m\u00e9t\u00e9o ne changera pas. Pr\u00e9voyez 25\u00b0C en moyenne qui accompagneront des journ\u00e9es pluvieuses.<\/p>\n<p><\/p>\n","protected":false},"excerpt":{"rendered":"\u00c0 Strasbourg, les valeurs seront de 20\u00b0C au cours de la journ\u00e9e. Un beau soleil est attendu le&hellip;\n","protected":false},"author":2,"featured_media":266777,"comment_status":"","ping_status":"","sticky":false,"template":"","format":"standard","meta":{"footnotes":""},"categories":[2820],"tags":[1111,11,2389,2649,1777,674,1011,27,775,12,2119,25,640],"class_list":{"0":"post-266776","1":"post","2":"type-post","3":"status-publish","4":"format-standard","5":"has-post-thumbnail","7":"category-strasbourg","8":"tag-actu","9":"tag-actualites","10":"tag-alsace","11":"tag-bas-rhin","12":"tag-eu","13":"tag-europe","14":"tag-fr","15":"tag-france","16":"tag-grand-est","17":"tag-news","18":"tag-previsions-meteo","19":"tag-republique-francaise","20":"tag-strasbourg"},"share_on_mastodon":{"url":"https:\/\/pubeurope.com\/@fr\/114899599046015352","error":""},"_links":{"self":[{"href":"https:\/\/www.europesays.com\/fr\/wp-json\/wp\/v2\/posts\/266776","targetHints":{"allow":["GET"]}}],"collection":[{"href":"https:\/\/www.europesays.com\/fr\/wp-json\/wp\/v2\/posts"}],"about":[{"href":"https:\/\/www.europesays.com\/fr\/wp-json\/wp\/v2\/types\/post"}],"author":[{"embeddable":true,"href":"https:\/\/www.europesays.com\/fr\/wp-json\/wp\/v2\/users\/2"}],"replies":[{"embeddable":true,"href":"https:\/\/www.europesays.com\/fr\/wp-json\/wp\/v2\/comments?post=266776"}],"version-history":[{"count":0,"href":"https:\/\/www.europesays.com\/fr\/wp-json\/wp\/v2\/posts\/266776\/revisions"}],"wp:featuredmedia":[{"embeddable":true,"href":"https:\/\/www.europesays.com\/fr\/wp-json\/wp\/v2\/media\/266777"}],"wp:attachment":[{"href":"https:\/\/www.europesays.com\/fr\/wp-json\/wp\/v2\/media?parent=266776"}],"wp:term":[{"taxonomy":"category","embeddable":true,"href":"https:\/\/www.europesays.com\/fr\/wp-json\/wp\/v2\/categories?post=266776"},{"taxonomy":"post_tag","embeddable":true,"href":"https:\/\/www.europesays.com\/fr\/wp-json\/wp\/v2\/tags?post=266776"}],"curies":[{"name":"wp","href":"https:\/\/api.w.org\/{rel}","templated":true}]}}