{"id":266778,"date":"2025-07-22T23:58:22","date_gmt":"2025-07-22T23:58:22","guid":{"rendered":"https:\/\/www.europesays.com\/fr\/266778\/"},"modified":"2025-07-22T23:58:22","modified_gmt":"2025-07-22T23:58:22","slug":"quel-maitre-doeuvre-pour-la-renovation-de-lopera-de-strasbourg","status":"publish","type":"post","link":"https:\/\/www.europesays.com\/fr\/266778\/","title":{"rendered":"Quel ma\u00eetre d\u2019\u0153uvre pour la r\u00e9novation de l\u2019op\u00e9ra de Strasbourg ?"},"content":{"rendered":"<p>\nLa <strong>Ville de Strasbourg (<a title=\"L&#039;actualit\u00e9 BTP du d\u00e9partement du Bas-Rhin\" href=\"https:\/\/www.lemoniteur.fr\/bas-rhin\/\" rel=\"noopener\" target=\"\" class=\"lien-contextuel\">Bas-Rhin<\/a>)<\/strong> lance le processus de la <strong>r\u00e9novation de l\u2019Op\u00e9ra national du Rhin (ONR)<\/strong>. Ayant choisi la formule du <strong>dialogue comp\u00e9titif<\/strong>, elle a publi\u00e9, ce 18 juillet, <a href=\"https:\/\/ted.europa.eu\/fr\/notice\/-\/detail\/475680-2025\" target=\"_blank\" rel=\"noopener\">l\u2019avis d\u2019appel \u00e0 candidatures<\/a> pour cette premi\u00e8re \u00e9tape, en vue de leur <strong>d\u00e9p\u00f4t jusqu\u2019au 23 septembre<\/strong>. Quatre \u00e9quipes pluridisciplinaires seront admises \u00e0 participer en novembre 2025, constitu\u00e9es sous forme de groupement conjoint avec un mandataire solidaire qui sera un architecte.<\/p>\n<p>\nLe projet porte sur la <strong>restructuration-extension du b\u00e2timent construit au d\u00e9but du XIXe si\u00e8cle en centre-ville<\/strong>, sur la place Broglie, l\u2019une des plus embl\u00e9matiques de la ville. Son montant est fix\u00e9 \u00e0 <strong>120 millions d\u2019euros<\/strong>. \u00ab Il s\u2019agit de retrouver des conditions d\u2019accueil du public dignes du statut d\u2019Op\u00e9ra national, qui ne sont plus r\u00e9unies aujourd\u2019hui \u00bb, avait rappel\u00e9 la maire (EELV) de Strasbourg Jeanne Barseghian, en avril dernier lors de la pr\u00e9sentation des lignes directrices de l\u2019op\u00e9ration.<\/p>\n<p>\nCelles-ci comprennent la <strong>r\u00e9novation compl\u00e8te de l\u2019enveloppe ext\u00e9rieure du b\u00e2timent<\/strong>, qui repr\u00e9sente 4 139 m2 de surfaces utiles. <strong>Deux extensions sont \u00e9galement programm\u00e9es<\/strong>, en vue de cr\u00e9er, notamment, des espaces de restauration (caf\u00e9-bar) et des salles de m\u00e9diation culturelle. Il est demand\u00e9 aux candidats d\u2019int\u00e9grer dans leur projet les \u00ab liaisons fonctionnelles \u00bb \u00e0 pr\u00e9voir avec les b\u00e2timents attenants \u00e0 celui d\u2019accueil du public : le grenier d\u2019abondance, \u00e0 la fois salle de r\u00e9p\u00e9titions et espace logistique pour les spectacles, et l\u2019ancien arsenal militaire abritant un p\u00f4le administratif et culturel.<\/p>\n<p>Sur\u00e9l\u00e9vation<\/p>\n<p>\nUne modification majeure consistera \u00e0 <strong>sur\u00e9lever la toiture de 5 m\u00e8tres<\/strong>, de sorte \u00e0 rehausser d\u2019autant la cage de sc\u00e8ne afin de faciliter le maniement des d\u00e9cors et de pouvoir accueillir de plus grandes productions. <strong>La salle \u00e0 l\u2019italienne caract\u00e9ristique devra \u00eatre \u00ab r\u00e9interpr\u00e9t\u00e9e \u00bb<\/strong> en vue d\u2019am\u00e9liorer l\u2019acoustique et plus encore la visibilit\u00e9 : 45 % des 1 144 places actuelles ne procurent qu\u2019une vue \u00ab biais\u00e9e \u00bb, \u00ab tronqu\u00e9e \u00bb et m\u00eame \u00ab nulle \u00bb pour 62 d\u2019entre elles. Il a \u00e9t\u00e9 d\u00e9cid\u00e9 de <strong>baisser la capacit\u00e9 apr\u00e8s travaux, \u00e0 940 si\u00e8ges<\/strong> mais qui permettent tous de voir pleinement la sc\u00e8ne.<\/p>\n<p>\n<img decoding=\"async\" alt=\"L'ope?ra national du Rhin a? Strasbourg - La salle\" src=\"data:image\/gif;base64,R0lGODdhAQABAPAAAMPDwwAAACwAAAAAAQABAAACAkQBADs=\" data-original=\"https:\/\/www.lemoniteur.fr\/mediatheque\/1\/1\/1\/002437111_illustration_large.jpg\" style=\"width: 820px; height: 548px;\"\/>La salle \u00e0 l\u2019italienne sera conserv\u00e9e dans cette configuration, avec une capacit\u00e9 diminu\u00e9e de 200 places mais de sorte \u00e0 ce que toutes assurent la vue sur la sc\u00e8ne, ce qui n\u2019est pas le cas de pr\u00e8s de la moiti\u00e9 des 1 144 fauteuils actuels. \u00a9 Ville de Strasbourg<\/p>\n<p>\nEn synth\u00e8se, la Ville \u00ab attend des candidats un <strong>projet alliant<\/strong>, de mani\u00e8re intelligente et innovante, <strong>pr\u00e9servation patrimoniale, modernit\u00e9 et exigences contemporaines<\/strong>, notamment en mati\u00e8re d\u2019\u00e9quipements sc\u00e9nographiques, d\u2019accueil du public et de fonctionnalit\u00e9 du b\u00e2timent \u00bb, \u00e9crit-elle dans son avis de publication. Elle souligne aussi la recherche d\u2019une <strong>\u00ab approche environnementale \u00bb<\/strong> avec une <strong>r\u00e9duction vis\u00e9e de la consommation \u00e9nerg\u00e9tique de l\u2019ordre de 70 %<\/strong>. Environ 900 000 euros d\u2019\u00e9conomies annuelles de fonctionnement sont vis\u00e9es.<\/p>\n<p>\n<img decoding=\"async\" alt=\"L'ope?ra national du Rhin a? Strasbourg - Sche?ma de restructuration\" src=\"data:image\/gif;base64,R0lGODdhAQABAPAAAMPDwwAAACwAAAAAAQABAAACAkQBADs=\" data-original=\"https:\/\/www.lemoniteur.fr\/mediatheque\/2\/1\/1\/002437112_illustration_large.jpg\" style=\"width: 820px; height: 414px;\"\/>Un des \u00e9l\u00e9ments principaux du programme consiste \u00e0 sur\u00e9lever l&rsquo;\u00e9difice de 5 m\u00e8tres pour am\u00e9liorer le maniement des d\u00e9cors. \u00a9 Ville de Strasbourg<\/p>\n<p>Sous avis d\u00e9favorable depuis 1997<\/p>\n<p>\nLe projet fait suite \u00e0 une mission d\u2019information et d\u2019\u00e9valuation lanc\u00e9e fin 2020 apr\u00e8s une longue latence. <strong>Depuis\u2026 1997, un avis d\u00e9favorable d\u2019exploitation de la commission de s\u00e9curit\u00e9 plane sur les saisons pourtant ininterrompues de l\u2019ONR.<\/strong> Le b\u00e2timent n\u00e9oclassique de 5 \u00e9tages construit en 1821 a \u00e9t\u00e9 ravag\u00e9 par un incendie en 1870 et reconstruit \u00e0 l\u2019identique deux ans plus tard. La restructuration dont il va b\u00e9n\u00e9ficier r\u00e9sulte de la r\u00e9union de <strong>trois \u00e9tudes patrimoniale, de programmation et de strat\u00e9gie<\/strong> (Quel fonctionnement pour un op\u00e9ra au XXIe si\u00e8cle) r\u00e9alis\u00e9es respectivement par le duo Fleck-Aedificio, Caf\u00e9 Programmation et Kanju.<\/p>\n<p>\nSelon le <strong>calendrier du ma\u00eetre d\u2019ouvrage<\/strong>, le premier tour du dialogue comp\u00e9titif d\u00e9butera en avril 2026, pour aboutir aux offres finales en novembre suivant et \u00e0 la d\u00e9signation de l\u2019\u00e9quipe laur\u00e9ate en janvier 2027. Pour les travaux, les appels d\u2019offres sont planifi\u00e9s \u00e0 partir du printemps 2028 et le chantier doit se d\u00e9rouler de d\u00e9but 2029 \u00e0 fin 2033. Entretemps, l\u2019Op\u00e9ra se d\u00e9placera de quelques centaines de m\u00e8tres pour poursuivre les repr\u00e9sentations au Palais des F\u00eates.<\/p>\n<p>\n<b>\u00c0 LIRE<\/b> AUSSI<br \/>\n<a class=\"editoLinkType2 is-marginTB-20\" href=\"https:\/\/www.lemoniteur.fr\/article\/strasbourg-de-l-opera-au-musee-un-bati-culturel-multirenove.2345992\" target=\"_blank\" rel=\"noopener\"><br \/>\n<b>Strasbourg : de l&rsquo;op\u00e9ra au mus\u00e9e, un b\u00e2ti culturel multir\u00e9nov\u00e9<\/b><\/p>\n<p><\/a><\/p>\n","protected":false},"excerpt":{"rendered":"La Ville de Strasbourg (Bas-Rhin) lance le processus de la r\u00e9novation de l\u2019Op\u00e9ra national du Rhin (ONR). Ayant&hellip;\n","protected":false},"author":2,"featured_media":266779,"comment_status":"","ping_status":"","sticky":false,"template":"","format":"standard","meta":{"footnotes":""},"categories":[2820],"tags":[1111,11,1350,2649,40629,13241,932,1777,674,1011,27,775,12,4916,25,640],"class_list":{"0":"post-266778","1":"post","2":"type-post","3":"status-publish","4":"format-standard","5":"has-post-thumbnail","7":"category-strasbourg","8":"tag-actu","9":"tag-actualites","10":"tag-architecture","11":"tag-bas-rhin","12":"tag-dialogue-competitif","13":"tag-equipement-culturel","14":"tag-est","15":"tag-eu","16":"tag-europe","17":"tag-fr","18":"tag-france","19":"tag-grand-est","20":"tag-news","21":"tag-projets","22":"tag-republique-francaise","23":"tag-strasbourg"},"share_on_mastodon":{"url":"https:\/\/pubeurope.com\/@fr\/114899602911438452","error":""},"_links":{"self":[{"href":"https:\/\/www.europesays.com\/fr\/wp-json\/wp\/v2\/posts\/266778","targetHints":{"allow":["GET"]}}],"collection":[{"href":"https:\/\/www.europesays.com\/fr\/wp-json\/wp\/v2\/posts"}],"about":[{"href":"https:\/\/www.europesays.com\/fr\/wp-json\/wp\/v2\/types\/post"}],"author":[{"embeddable":true,"href":"https:\/\/www.europesays.com\/fr\/wp-json\/wp\/v2\/users\/2"}],"replies":[{"embeddable":true,"href":"https:\/\/www.europesays.com\/fr\/wp-json\/wp\/v2\/comments?post=266778"}],"version-history":[{"count":0,"href":"https:\/\/www.europesays.com\/fr\/wp-json\/wp\/v2\/posts\/266778\/revisions"}],"wp:featuredmedia":[{"embeddable":true,"href":"https:\/\/www.europesays.com\/fr\/wp-json\/wp\/v2\/media\/266779"}],"wp:attachment":[{"href":"https:\/\/www.europesays.com\/fr\/wp-json\/wp\/v2\/media?parent=266778"}],"wp:term":[{"taxonomy":"category","embeddable":true,"href":"https:\/\/www.europesays.com\/fr\/wp-json\/wp\/v2\/categories?post=266778"},{"taxonomy":"post_tag","embeddable":true,"href":"https:\/\/www.europesays.com\/fr\/wp-json\/wp\/v2\/tags?post=266778"}],"curies":[{"name":"wp","href":"https:\/\/api.w.org\/{rel}","templated":true}]}}