{"id":266780,"date":"2025-07-22T23:59:18","date_gmt":"2025-07-22T23:59:18","guid":{"rendered":"https:\/\/www.europesays.com\/fr\/266780\/"},"modified":"2025-07-22T23:59:18","modified_gmt":"2025-07-22T23:59:18","slug":"des-compteurs-pour-demain-la-regie-des-eaux-modernise-la-gestion-de-leau","status":"publish","type":"post","link":"https:\/\/www.europesays.com\/fr\/266780\/","title":{"rendered":"Des compteurs pour demain : la R\u00e9gie des Eaux modernise la gestion de l\u2019eau (\u2026)"},"content":{"rendered":"<p>                    <img loading=\"lazy\" decoding=\"async\" src=\"https:\/\/www.europesays.com\/fr\/wp-content\/uploads\/2025\/07\/48e8c0462380caed64eda1432e5897.png\" class=\"img-responsive post-image\" width=\"680\" height=\"510\" alt=\"Des compteurs pour demain\" title=\"Des compteurs pour demain : la R\u00e9gie des Eaux modernise la gestion de l'eau sur l'ensemble de son territoire\"\/><\/p>\n<p class=\"chapo\">Dans un contexte de tension croissante autour des ressources en eau, la R\u00e9gie des Eaux Alpes Azur Mercantour (REAAM) franchit une \u00e9tape d\u00e9cisive vers une gestion plus durable et \u00e9quitable. Avec l\u2019installation \u00e0 grande \u00e9chelle de compteurs intelligents sur l\u2019ensemble de son territoire, elle engage une transformation en profondeur de la mani\u00e8re dont l\u2019eau est mesur\u00e9e, consomm\u00e9e et prot\u00e9g\u00e9e.<\/p>\n<p>Port\u00e9e par une ambition environnementale forte, cette op\u00e9ration est le fruit d\u2019une <strong>coop\u00e9ration exemplaire entre la R\u00e9gie, le D\u00e9partement des Alpes-Maritimes, l\u2019Agence de l\u2019Eau Rh\u00f4ne M\u00e9diterran\u00e9e Corse, et les collectivit\u00e9s locales<\/strong>. Gr\u00e2ce \u00e0 un financement \u00e0 100\u00a0% par les partenaires publics, ce projet de 4 millions d\u2019euros permet \u00e0 39 communes rurales et montagnardes \u2013 r\u00e9parties entre la Communaut\u00e9 de Communes des Alpes d\u2019Azur (CCAA) et la Communaut\u00e9 de Communes Alpes Provence Verdon (CCAPV) \u2013 de se doter de technologies de pointe.<\/p>\n<p>Un service public modernis\u00e9 pour un territoire pr\u00e9serv\u00e9<\/p>\n<p><strong>Le d\u00e9ploiement progressif de 2 000 compteurs intelligents d\u2019ici 2028 va transformer durablement la gestion de l\u2019eau<\/strong>. Les communes de Pierlas et Toudon sont d\u00e9j\u00e0 enti\u00e8rement \u00e9quip\u00e9es. \u00c0 Saint-L\u00e9ger, La Croix-sur-Roudoule et Guillaumes, les travaux sont en cours. Parall\u00e8lement, 1 000 compteurs traditionnels sont en cours de modernisation \u00e0 Beuil et Villars-sur-Var.<\/p>\n<p><strong>Ces nouveaux \u00e9quipements permettent de d\u00e9tecter instantan\u00e9ment les fuites, de suivre les consommations avec pr\u00e9cision et de relever automatiquement les donn\u00e9es, sans intervention manuelle. En p\u00e9riode de s\u00e9cheresse, ils offrent la possibilit\u00e9 d\u2019identifier les plus gros consommateurs et d\u2019adapter les usages pour \u00e9viter les tensions sur le r\u00e9seau.<\/strong><\/p>\n<p>Une technologie au service de la sobri\u00e9t\u00e9<\/p>\n<p>Ce choix technologique s\u2019inscrit dans une logique d\u2019\u00e9quit\u00e9 et d\u2019efficacit\u00e9. La facturation bas\u00e9e sur la consommation r\u00e9elle, pr\u00e9vue pour tous d\u2019ici 2028, constitue un levier puissant pour responsabiliser les usagers. Comme l\u2019explique<strong> Charles Ange Gin\u00e9sy, <\/strong> pr\u00e9sident de la REAAM\u00a0:<br class=\"autobr\"\/><br \/>\n\u00ab\u00a0 Cette modernisation n\u2019est pas qu\u2019une op\u00e9ration technique\u00a0: c\u2019est un engagement fort pour une gestion transparente et responsable de l\u2019eau, bien commun pr\u00e9cieux. Gr\u00e2ce \u00e0 ces compteurs intelligents, nous offrons aux usagers une ma\u00eetrise in\u00e9dite de leur consommation tout en luttant activement contre le gaspillage. Chaque compteur pos\u00e9, c\u2019est un pas vers une gestion plus durable de notre ressource vitale. Gr\u00e2ce \u00e0 l\u2019engagement massif conjugu\u00e9 du D\u00e9partement et de l\u2019Agence de l\u2019Eau, nous b\u00e2tissons un mod\u00e8le hydrique r\u00e9silient o\u00f9 chaque acteur trouve sa place. La R\u00e9gie des Eaux prouve ainsi son r\u00f4le d\u2019acteur public innovant au service de l\u2019int\u00e9r\u00eat g\u00e9n\u00e9ral et de la transition \u00e9cologique.\u00a0\u00bb<\/p>\n<p>Un engagement pour les territoires et les agricultures locales<\/p>\n<p>Au-del\u00e0 de l\u2019aspect technologique, la R\u00e9gie met un point d\u2019honneur \u00e0 pr\u00e9server les \u00e9quilibres locaux. Un tarif adapt\u00e9 est ainsi mis en place pour les agriculteurs, afin de ne pas p\u00e9naliser les professionnels de la terre dans ces zones rurales souvent fragiles. En parall\u00e8le, un programme de r\u00e9habilitation des canaux d\u2019irrigation traditionnels est men\u00e9 avec le SMIAGE et le D\u00e9partement. Ces canaux, v\u00e9ritables t\u00e9moins de l\u2019ing\u00e9niosit\u00e9 hydraulique alpine, sont restaur\u00e9s pour irriguer \u00e0 nouveau les cultures et soutenir l\u2019agropastoralisme.<\/p>\n<p>Avec ce projet, la R\u00e9gie des Eaux Alpes Azur Mercantour red\u00e9finit le service public de l\u2019eau. En dotant ses usagers d\u2019outils de suivi performants, en assurant l\u2019\u00e9quit\u00e9 entre les territoires et en r\u00e9habilitant un patrimoine hydraulique unique, elle affirme sa volont\u00e9 de construire un avenir sobre, durable et solidaire. Ce choix de modernisation, pens\u00e9 \u00e0 l\u2019\u00e9chelle locale mais avec une port\u00e9e globale, montre qu\u2019un autre mod\u00e8le est possible \u2013 un mod\u00e8le dans lequel chaque goutte d\u2019eau compte.<\/p>\n<p>Visuel de Une\u00a0: illustration \u00a9DR<\/p>\n","protected":false},"excerpt":{"rendered":"Dans un contexte de tension croissante autour des ressources en eau, la R\u00e9gie des Eaux Alpes Azur Mercantour&hellip;\n","protected":false},"author":2,"featured_media":266781,"comment_status":"","ping_status":"","sticky":false,"template":"","format":"standard","meta":{"footnotes":""},"categories":[2819],"tags":[1111,11,2408,1777,674,1011,27,12,2401,882,25],"class_list":{"0":"post-266780","1":"post","2":"type-post","3":"status-publish","4":"format-standard","5":"has-post-thumbnail","7":"category-nice","8":"tag-actu","9":"tag-actualites","10":"tag-appels-d","11":"tag-eu","12":"tag-europe","13":"tag-fr","14":"tag-france","15":"tag-news","16":"tag-nice","17":"tag-provence-alpes-cote-dazur","18":"tag-republique-francaise"},"share_on_mastodon":{"url":"https:\/\/pubeurope.com\/@fr\/114899606854811822","error":""},"_links":{"self":[{"href":"https:\/\/www.europesays.com\/fr\/wp-json\/wp\/v2\/posts\/266780","targetHints":{"allow":["GET"]}}],"collection":[{"href":"https:\/\/www.europesays.com\/fr\/wp-json\/wp\/v2\/posts"}],"about":[{"href":"https:\/\/www.europesays.com\/fr\/wp-json\/wp\/v2\/types\/post"}],"author":[{"embeddable":true,"href":"https:\/\/www.europesays.com\/fr\/wp-json\/wp\/v2\/users\/2"}],"replies":[{"embeddable":true,"href":"https:\/\/www.europesays.com\/fr\/wp-json\/wp\/v2\/comments?post=266780"}],"version-history":[{"count":0,"href":"https:\/\/www.europesays.com\/fr\/wp-json\/wp\/v2\/posts\/266780\/revisions"}],"wp:featuredmedia":[{"embeddable":true,"href":"https:\/\/www.europesays.com\/fr\/wp-json\/wp\/v2\/media\/266781"}],"wp:attachment":[{"href":"https:\/\/www.europesays.com\/fr\/wp-json\/wp\/v2\/media?parent=266780"}],"wp:term":[{"taxonomy":"category","embeddable":true,"href":"https:\/\/www.europesays.com\/fr\/wp-json\/wp\/v2\/categories?post=266780"},{"taxonomy":"post_tag","embeddable":true,"href":"https:\/\/www.europesays.com\/fr\/wp-json\/wp\/v2\/tags?post=266780"}],"curies":[{"name":"wp","href":"https:\/\/api.w.org\/{rel}","templated":true}]}}