{"id":266784,"date":"2025-07-23T00:02:10","date_gmt":"2025-07-23T00:02:10","guid":{"rendered":"https:\/\/www.europesays.com\/fr\/266784\/"},"modified":"2025-07-23T00:02:10","modified_gmt":"2025-07-23T00:02:10","slug":"previsions-du-mercredi-23-juillet-2025-5","status":"publish","type":"post","link":"https:\/\/www.europesays.com\/fr\/266784\/","title":{"rendered":"pr\u00e9visions du mercredi 23 juillet 2025"},"content":{"rendered":"<p>\u00c0 Nantes, les valeurs seront de 14\u00b0C au minimum et de 22\u00b0C au maximum la journ\u00e9e. Des averses arriveront le matin. Un modeste vent de nord-est sera ressenti par les habitants. L&rsquo;apr\u00e8s-midi, du mauvais temps est \u00e0 pr\u00e9voir. Des pluies \u00e9parses vont tomber. Les temp\u00e9ratures vont enregistrer une hausse de plusieurs degr\u00e9s. Les valeurs s&rsquo;\u00e9chelonneront de 20 \u00e0 22\u00b0C. Des orages de faible intensit\u00e9 se d\u00e9clareront dans la soir\u00e9e. On pr\u00e9voit une nuit brumeuse entre mercredi et jeudi.<\/p>\n<p>C&rsquo;est \u00e0 un ciel couvert de nuages qu&rsquo;il faudra s&rsquo;attendre demain \u00e0 Nantes. Il faudra pr\u00e9voir des perturbations, les Nantais se retrouveront sous des pluies \u00e9parses. La m\u00e9t\u00e9o va se r\u00e9chauffer avec une augmentation de quelques degr\u00e9s. Le mercure affichera 19\u00b0C en moyenne. Un vent de nord-ouest rafra\u00eechira un peu l&rsquo;atmosph\u00e8re. Il va faire 20\u00b0C en moyenne le matin. Demain apr\u00e8s-midi, des nuages ne voudront pas c\u00e9der leur place au soleil. En revanche, les temp\u00e9ratures vont conna\u00eetre une hausse de quelques degr\u00e9s. Les valeurs seront comprises entre 22 et 25\u00b0C. Demain soir, on pr\u00e9voit des temp\u00e9ratures d&rsquo;environ 21\u00b0C.<\/p>\n<p>Le temps des jours qui suivent va s&rsquo;am\u00e9liorer. On anticipe des journ\u00e9es ensoleill\u00e9es, accompagn\u00e9es par des temp\u00e9ratures dans les 27\u00b0C en moyenne.<\/p>\n<p><\/p>\n","protected":false},"excerpt":{"rendered":"\u00c0 Nantes, les valeurs seront de 14\u00b0C au minimum et de 22\u00b0C au maximum la journ\u00e9e. Des averses&hellip;\n","protected":false},"author":2,"featured_media":266785,"comment_status":"","ping_status":"","sticky":false,"template":"","format":"standard","meta":{"footnotes":""},"categories":[2818],"tags":[1111,11,1777,674,1011,27,766,12,2636,2119,25],"class_list":{"0":"post-266784","1":"post","2":"type-post","3":"status-publish","4":"format-standard","5":"has-post-thumbnail","7":"category-nantes","8":"tag-actu","9":"tag-actualites","10":"tag-eu","11":"tag-europe","12":"tag-fr","13":"tag-france","14":"tag-nantes","15":"tag-news","16":"tag-pays-de-la-loire","17":"tag-previsions-meteo","18":"tag-republique-francaise"},"share_on_mastodon":{"url":"https:\/\/pubeurope.com\/@fr\/114899618611092473","error":""},"_links":{"self":[{"href":"https:\/\/www.europesays.com\/fr\/wp-json\/wp\/v2\/posts\/266784","targetHints":{"allow":["GET"]}}],"collection":[{"href":"https:\/\/www.europesays.com\/fr\/wp-json\/wp\/v2\/posts"}],"about":[{"href":"https:\/\/www.europesays.com\/fr\/wp-json\/wp\/v2\/types\/post"}],"author":[{"embeddable":true,"href":"https:\/\/www.europesays.com\/fr\/wp-json\/wp\/v2\/users\/2"}],"replies":[{"embeddable":true,"href":"https:\/\/www.europesays.com\/fr\/wp-json\/wp\/v2\/comments?post=266784"}],"version-history":[{"count":0,"href":"https:\/\/www.europesays.com\/fr\/wp-json\/wp\/v2\/posts\/266784\/revisions"}],"wp:featuredmedia":[{"embeddable":true,"href":"https:\/\/www.europesays.com\/fr\/wp-json\/wp\/v2\/media\/266785"}],"wp:attachment":[{"href":"https:\/\/www.europesays.com\/fr\/wp-json\/wp\/v2\/media?parent=266784"}],"wp:term":[{"taxonomy":"category","embeddable":true,"href":"https:\/\/www.europesays.com\/fr\/wp-json\/wp\/v2\/categories?post=266784"},{"taxonomy":"post_tag","embeddable":true,"href":"https:\/\/www.europesays.com\/fr\/wp-json\/wp\/v2\/tags?post=266784"}],"curies":[{"name":"wp","href":"https:\/\/api.w.org\/{rel}","templated":true}]}}